{"id":1654,"date":"2007-12-20T10:57:30","date_gmt":"2007-12-20T09:57:30","guid":{"rendered":"http:\/\/heijbel.wordpress.com\/2007\/12\/20\/reinfeldt-berattar"},"modified":"2007-12-20T10:57:30","modified_gmt":"2007-12-20T09:57:30","slug":"reinfeldt-berattar","status":"publish","type":"post","link":"https:\/\/storytellers.se\/?p=1654","title":{"rendered":"Reinfeldt ber\u00e4ttar"},"content":{"rendered":"<p>Det verkar som om statsminister Reinfeldt tog ett storygrepp vid sitt moderattal ig\u00e5r. Han ber\u00e4ttade om:<\/p>\n<p><!--more--><br \/>\n<em>&#8230;Den unga kvinnan som inte fick socialtj\u00e4nstens st\u00f6d trots att hennes pappa blivit m\u00f6rdad.<br \/>\n&#8230;Om killen som blev sv\u00e5rt misshandlad men som fick leta r\u00e4tt p\u00e5 g\u00e4rningsm\u00e4nnen p\u00e5 egen hand.<br \/>\n&#8230;Om tv\u00e5 tjejer som hade hamnat i en psykv\u00e5rd som inte ville f\u00f6rst\u00e5 deras problem.<br \/>\n&#8230;Om ett par i ett miljonprogramsomr\u00e5de som ber\u00e4ttade hur m\u00e5nga d\u00e4r tycker sig leva med tudelade identiteter.<br \/>\n&#8230;Om en 14-\u00e5rig invandrarkille som fick s\u00e5 mycket stryk av v\u00e4ktare i t-banan att han tappade tron p\u00e5 det svenska dr\u00f6msamh\u00e4llet och b\u00f6rjade misshandla sj\u00e4lv.<\/em><br \/>\nJag var inte p\u00e5 plats n\u00e4r Reinfeldt talade men har l\u00e4st och h\u00f6rt om talet i media. Jag har p\u00e5 senare \u00e5r flera g\u00e5nger f\u00e5tt storytellingfr\u00e5gor fr\u00e5n politiska partier och konstaterar att h\u00e4ndelsebaserat ber\u00e4ttande letar sig in allt mer i den svenska politiska retoriken.<br \/>\nMan tar verkliga, emotionella, befolkade exempel och l\u00e5ter dem l\u00e4gga grunden i talet.<\/p>\n","protected":false},"excerpt":{"rendered":"<p>Det verkar som om statsminister Reinfeldt tog ett storygrepp vid sitt moderattal ig\u00e5r. Han ber\u00e4ttade om:<\/p>\n","protected":false},"author":2,"featured_media":0,"comment_status":"open","ping_status":"closed","sticky":false,"template":"","format":"standard","meta":[],"categories":[2],"tags":[],"_links":{"self":[{"href":"https:\/\/storytellers.se\/index.php?rest_route=\/wp\/v2\/posts\/1654"}],"collection":[{"href":"https:\/\/storytellers.se\/index.php?rest_route=\/wp\/v2\/posts"}],"about":[{"href":"https:\/\/storytellers.se\/index.php?rest_route=\/wp\/v2\/types\/post"}],"author":[{"embeddable":true,"href":"https:\/\/storytellers.se\/index.php?rest_route=\/wp\/v2\/users\/2"}],"replies":[{"embeddable":true,"href":"https:\/\/storytellers.se\/index.php?rest_route=%2Fwp%2Fv2%2Fcomments&post=1654"}],"version-history":[{"count":0,"href":"https:\/\/storytellers.se\/index.php?rest_route=\/wp\/v2\/posts\/1654\/revisions"}],"wp:attachment":[{"href":"https:\/\/storytellers.se\/index.php?rest_route=%2Fwp%2Fv2%2Fmedia&parent=1654"}],"wp:term":[{"taxonomy":"category","embeddable":true,"href":"https:\/\/storytellers.se\/index.php?rest_route=%2Fwp%2Fv2%2Fcategories&post=1654"},{"taxonomy":"post_tag","embeddable":true,"href":"https:\/\/storytellers.se\/index.php?rest_route=%2Fwp%2Fv2%2Ftags&post=1654"}],"curies":[{"name":"wp","href":"https:\/\/api.w.org\/{rel}","templated":true}]}}