{"id":1648,"date":"2007-12-19T11:51:29","date_gmt":"2007-12-19T10:51:29","guid":{"rendered":"http:\/\/heijbel.wordpress.com\/2007\/12\/19\/professorns-motsaga"},"modified":"2007-12-19T11:51:29","modified_gmt":"2007-12-19T10:51:29","slug":"professorns-motsaga","status":"publish","type":"post","link":"https:\/\/storytellers.se\/?p=1648","title":{"rendered":"Professorns motsaga"},"content":{"rendered":"<p>Jag funderade h\u00e4r, den 11 december, \u00f6ver inneh\u00e5llet och dramaturgin i Svenskt N\u00e4ringslivs v\u00e4rderingssagor. Jag diskuterade det kloka i att <strong>hitta p\u00e5<\/strong> n\u00e4r man hade kunnat fylla v\u00e4rderingsreklamen med verkliga case ist\u00e4llet. Nu har&#8230;<\/p>\n<p><!--more--><br \/>\n&#8230;Alf Hornborg, professor i humanekologi vid Lunds universitet, p\u00e5passligt tagit upp samma Beskowska sagodramaturgi f\u00f6r att ge en annan bild av samh\u00e4llsutvecklingen.<br \/>\nI samma arketypiska sagoform bem\u00f6tte han i g\u00e5r, i Aftonbladet, v\u00e4rderingarna som f\u00f6rekommer i sagorna fr\u00e5n Svenskt N\u00e4ringsliv. I Aftonbladets papperstidning var Hornborgs saga till och med typograferad och formgiven som annonserna fr\u00e5n Svenskt N\u00e4ringsliv. Jag tyckte f\u00f6rst att det var just en ny saga fr\u00e5n Svenskt N\u00e4ringsliv.<br \/>\nJag tror aldrig detta hade h\u00e4nt om Svenskt N\u00e4ringsliv hade fyllt sina sagor med verkliga case. Nu bj\u00f6d man, s\u00e5 att s\u00e4ga, in till detta. Och kanske tycker man bara det \u00e4r bra. Man ville ju: <em>&#8221;f\u00f6renkla i s\u00e5 h\u00f6g utstr\u00e4ckning som m\u00f6jligt f\u00f6r att f\u00e5 ut budskapet till s\u00e5 m\u00e5nga som m\u00f6jligt<\/em>&#8221;.<br \/>\nH\u00e4r har du en <a href=\"http:\/\/www.aftonbladet.se\/debatt\/article1482371.ab\">l\u00e4nk<\/a> till Hornborgs saga publicerad ocks\u00e5 i Aftonbladets webbtidning. H\u00e4r syns inte papperstidningens h\u00e4rmande formgivning, men motsagan finns h\u00e4r skriven precis i samma tonl\u00e4ge som Svenskt N\u00e4ringslivs men med en helt annan v\u00e4rdering.<br \/>\nS\u00e5 kan det g\u00e5.<\/p>\n","protected":false},"excerpt":{"rendered":"<p>Jag funderade h\u00e4r, den 11 december, \u00f6ver inneh\u00e5llet och dramaturgin i Svenskt N\u00e4ringslivs v\u00e4rderingssagor. Jag diskuterade det kloka i att hitta p\u00e5 n\u00e4r man hade kunnat fylla v\u00e4rderingsreklamen med verkliga case ist\u00e4llet. Nu har&#8230;<\/p>\n","protected":false},"author":2,"featured_media":0,"comment_status":"open","ping_status":"closed","sticky":false,"template":"","format":"standard","meta":[],"categories":[2],"tags":[],"_links":{"self":[{"href":"https:\/\/storytellers.se\/index.php?rest_route=\/wp\/v2\/posts\/1648"}],"collection":[{"href":"https:\/\/storytellers.se\/index.php?rest_route=\/wp\/v2\/posts"}],"about":[{"href":"https:\/\/storytellers.se\/index.php?rest_route=\/wp\/v2\/types\/post"}],"author":[{"embeddable":true,"href":"https:\/\/storytellers.se\/index.php?rest_route=\/wp\/v2\/users\/2"}],"replies":[{"embeddable":true,"href":"https:\/\/storytellers.se\/index.php?rest_route=%2Fwp%2Fv2%2Fcomments&post=1648"}],"version-history":[{"count":0,"href":"https:\/\/storytellers.se\/index.php?rest_route=\/wp\/v2\/posts\/1648\/revisions"}],"wp:attachment":[{"href":"https:\/\/storytellers.se\/index.php?rest_route=%2Fwp%2Fv2%2Fmedia&parent=1648"}],"wp:term":[{"taxonomy":"category","embeddable":true,"href":"https:\/\/storytellers.se\/index.php?rest_route=%2Fwp%2Fv2%2Fcategories&post=1648"},{"taxonomy":"post_tag","embeddable":true,"href":"https:\/\/storytellers.se\/index.php?rest_route=%2Fwp%2Fv2%2Ftags&post=1648"}],"curies":[{"name":"wp","href":"https:\/\/api.w.org\/{rel}","templated":true}]}}