{"id":1646,"date":"2007-12-18T15:04:11","date_gmt":"2007-12-18T14:04:11","guid":{"rendered":"http:\/\/heijbel.wordpress.com\/2007\/12\/18\/en-julberattelse"},"modified":"2007-12-18T15:04:11","modified_gmt":"2007-12-18T14:04:11","slug":"en-julberattelse","status":"publish","type":"post","link":"https:\/\/storytellers.se\/?p=1646","title":{"rendered":"En julber\u00e4ttelse"},"content":{"rendered":"<p>I V\u00e4rdskaptes nyhetsbrev l\u00e4ser jag denna <a href=\"http:\/\/www.vardskapet.se\/nyheter.asp\/lid\/40247\">julber\u00e4ttelse<\/a> som Jan Gunnarsson h\u00e4mtat fr\u00e5n Dalarna.<\/p>\n","protected":false},"excerpt":{"rendered":"<p>I V\u00e4rdskaptes nyhetsbrev l\u00e4ser jag denna julber\u00e4ttelse som Jan Gunnarsson h\u00e4mtat fr\u00e5n Dalarna.<\/p>\n","protected":false},"author":2,"featured_media":0,"comment_status":"open","ping_status":"closed","sticky":false,"template":"","format":"standard","meta":[],"categories":[10],"tags":[],"_links":{"self":[{"href":"https:\/\/storytellers.se\/index.php?rest_route=\/wp\/v2\/posts\/1646"}],"collection":[{"href":"https:\/\/storytellers.se\/index.php?rest_route=\/wp\/v2\/posts"}],"about":[{"href":"https:\/\/storytellers.se\/index.php?rest_route=\/wp\/v2\/types\/post"}],"author":[{"embeddable":true,"href":"https:\/\/storytellers.se\/index.php?rest_route=\/wp\/v2\/users\/2"}],"replies":[{"embeddable":true,"href":"https:\/\/storytellers.se\/index.php?rest_route=%2Fwp%2Fv2%2Fcomments&post=1646"}],"version-history":[{"count":0,"href":"https:\/\/storytellers.se\/index.php?rest_route=\/wp\/v2\/posts\/1646\/revisions"}],"wp:attachment":[{"href":"https:\/\/storytellers.se\/index.php?rest_route=%2Fwp%2Fv2%2Fmedia&parent=1646"}],"wp:term":[{"taxonomy":"category","embeddable":true,"href":"https:\/\/storytellers.se\/index.php?rest_route=%2Fwp%2Fv2%2Fcategories&post=1646"},{"taxonomy":"post_tag","embeddable":true,"href":"https:\/\/storytellers.se\/index.php?rest_route=%2Fwp%2Fv2%2Ftags&post=1646"}],"curies":[{"name":"wp","href":"https:\/\/api.w.org\/{rel}","templated":true}]}}