{"id":1640,"date":"2007-12-14T13:31:36","date_gmt":"2007-12-14T12:31:36","guid":{"rendered":"http:\/\/heijbel.wordpress.com\/2007\/12\/14\/byrakrater-berattar"},"modified":"2007-12-14T13:31:36","modified_gmt":"2007-12-14T12:31:36","slug":"byrakrater-berattar","status":"publish","type":"post","link":"https:\/\/storytellers.se\/?p=1640","title":{"rendered":"Byr\u00e5krater ber\u00e4ttar"},"content":{"rendered":"<p>F\u00f6rfattaren och skattetj\u00e4nstemannen Leif Ekerling gav f\u00f6r 10 \u00e5r sedan ut en bok med titeln <strong>Byr\u00e5krater ber\u00e4ttar<\/strong> p\u00e5 Norstedts juridik AB. Det \u00e4r en bok full med&#8230;<\/p>\n<p><!--more--><br \/>\n&#8230;byr\u00e5kratstories fr\u00e5n svenska Skatte- och kronofogdemyndigheter skriven p\u00e5 nittiotalet och d\u00e5 med blicken i backspegeln. Den \u00e4r l\u00e4ttl\u00e4st och rolig \u00e4ven f\u00f6r mig som inte arbetat inom Skatte- eller kronofogdesverige.<br \/>\nS\u00e4rskilt roligt och intressant tycker jag det \u00e4r att l\u00e4sa om du-reformen och hur den inf\u00f6rdes vid svenska myndigheter p\u00e5 60- och 70-talen. Man brukar s\u00e4ga att det var Socialstyrelsens chef Bror Rexed som gick f\u00f6re. Rexed kallades d\u00e4rf\u00f6r ibland Du-Rex.<br \/>\nLeif Ekerling har exempelvis talat med Willy Carlsson vid Kronofogdemyndigheten i Kalmar som minns n\u00e4r kronoassistenten Hellberg p\u00e5 \u00d6land skulle g\u00f6ra utm\u00e4tning hos en man som han faktiskt var bekant med privat. Han gjorde utm\u00e4tning hos en kompis allts\u00e5.<br \/>\nJag citerar ur boken:<br \/>\n<em>Hellberg sade &#8221;Herr Johansson&#8221; hela tiden till bekantingen. &#8221;Nu Herr Johansson har vi en utm\u00e4tningsf\u00f6rr\u00e4ttning h\u00e4r&#8221; och s\u00e5 vidare. Till slut suckade Johansson och sade &#8221;Jamen Hellberg, vi har k\u00e4nt varandra i trettio \u00e5r, d\u00e5 beh\u00f6ver du v\u00e4l inte s\u00e4ga herr Johansson!&#8221;<br \/>\n\u2013 Nu \u00e4r det f\u00f6rr\u00e4ttning! sade Hellberg. Efter\u00e5t \u00e4r det som vanligt!<\/em><br \/>\nMan kan ocks\u00e5 l\u00e4sa om landskamreraren som bara delvis kunde anpassa sig till du-reformen. Han la bort titlarna, men bara med personal fr\u00e5n och med l\u00f6negrad 17.<br \/>\nI ett internt papper fr\u00e5n ett svenskt landskontor skrev och undertecknade, f\u00f6rmodligen vid tiden kring 1970, cheferna dessa ord till Personalen (med stort p) aprop\u00e5 du-reformen:<br \/>\n<em>Det har visat sig att fr\u00e5gan om tilltalsord personalen emellan ibland v\u00e5llar tveksamhet. Det f\u00f6refaller praktiskt, s\u00e4rskilt med tanke p\u00e5 de nyanst\u00e4llda, och i linje med utvecklingen samt \u00e4r kanske ocks\u00e5 \u00e4gnat att befr\u00e4mja samh\u00f6righetsk\u00e4nslan i arbetet, om man allm\u00e4nt vid landskontoret s\u00e4ger du till varandra. Vi ser allts\u00e5 f\u00f6r v\u00e5r del g\u00e4rna, att ocks\u00e5 de, som vi \u00e4nnu inte r\u00e5kar vara du med, begagnar sig av detta tilltalsord till oss, liksom vi sj\u00e4lva t\u00e4nker f\u00f6rs\u00f6ka oss p\u00e5 att allm\u00e4nt anv\u00e4nda det inom landskontoret. Med till\u00f6nskan om ett Gott Nytt \u00c5r.<\/em><br \/>\nStorytelling samlas ofta kring tidsaxeln D\u00e5, Nu och Sen. Detta \u00e4r ett fantastiskt <strong>D\u00e5<\/strong> som p\u00e5 ett humoristiskt s\u00e4tt gl\u00e4ntar p\u00e5 d\u00f6rren in till byr\u00e5kratin.<br \/>\nJag har sj\u00e4lv vid flera tillf\u00e4llen arbetat med byr\u00e5krater och sk\u00f6rdat ber\u00e4ttelser. Jag minns en g\u00e5ng n\u00e4r jag hade en medarbetare fr\u00e5n Statskontoret p\u00e5 en av mina kurser. Hon trodde aldrig att det skulle finnas stories d\u00e4r som var anv\u00e4ndbara. Men det gjorde det verkligen. Jag fick mycket stor respekt f\u00f6r Statskontorets uppgift och kompetens efter att ha sett dessa organisationsber\u00e4ttelser.<br \/>\nLeif Ekerlings bok kan <a href=\"http:\/\/www.adlibris.se\/searchresult.aspx?search=quickfirstpage&amp;quickvalue=Byr%E5krater+ber%E4ttar&amp;title=Byr%E5krater+ber%E4ttar&amp;fromproduct=False\">best\u00e4llas<\/a> exempelvis fr\u00e5n Adlibris.<\/p>\n","protected":false},"excerpt":{"rendered":"<p>F\u00f6rfattaren och skattetj\u00e4nstemannen Leif Ekerling gav f\u00f6r 10 \u00e5r sedan ut en bok med titeln Byr\u00e5krater ber\u00e4ttar p\u00e5 Norstedts juridik AB. Det \u00e4r en bok full med&#8230;<\/p>\n","protected":false},"author":2,"featured_media":0,"comment_status":"open","ping_status":"closed","sticky":false,"template":"","format":"standard","meta":[],"categories":[2],"tags":[],"_links":{"self":[{"href":"https:\/\/storytellers.se\/index.php?rest_route=\/wp\/v2\/posts\/1640"}],"collection":[{"href":"https:\/\/storytellers.se\/index.php?rest_route=\/wp\/v2\/posts"}],"about":[{"href":"https:\/\/storytellers.se\/index.php?rest_route=\/wp\/v2\/types\/post"}],"author":[{"embeddable":true,"href":"https:\/\/storytellers.se\/index.php?rest_route=\/wp\/v2\/users\/2"}],"replies":[{"embeddable":true,"href":"https:\/\/storytellers.se\/index.php?rest_route=%2Fwp%2Fv2%2Fcomments&post=1640"}],"version-history":[{"count":0,"href":"https:\/\/storytellers.se\/index.php?rest_route=\/wp\/v2\/posts\/1640\/revisions"}],"wp:attachment":[{"href":"https:\/\/storytellers.se\/index.php?rest_route=%2Fwp%2Fv2%2Fmedia&parent=1640"}],"wp:term":[{"taxonomy":"category","embeddable":true,"href":"https:\/\/storytellers.se\/index.php?rest_route=%2Fwp%2Fv2%2Fcategories&post=1640"},{"taxonomy":"post_tag","embeddable":true,"href":"https:\/\/storytellers.se\/index.php?rest_route=%2Fwp%2Fv2%2Ftags&post=1640"}],"curies":[{"name":"wp","href":"https:\/\/api.w.org\/{rel}","templated":true}]}}