{"id":1634,"date":"2007-12-12T14:50:41","date_gmt":"2007-12-12T13:50:41","guid":{"rendered":"http:\/\/heijbel.wordpress.com\/2007\/12\/12\/nyhetsbrev-29-film-och-forlossing"},"modified":"2007-12-12T14:50:41","modified_gmt":"2007-12-12T13:50:41","slug":"nyhetsbrev-29-film-och-forlossing","status":"publish","type":"post","link":"https:\/\/storytellers.se\/?p=1634","title":{"rendered":"Nyhetsbrev 29: Film och f\u00f6rlossing"},"content":{"rendered":"<p>Det h\u00e4r nyhetsbrevet g\u00e5r idag ut till prenumeranterna p\u00e5 Storytellers nyhetsbrev. Vill du ocks\u00e5 vara med p\u00e5 listan? Skriv in dig i rutan en bit ned till h\u00f6ger.<\/p>\n<p><!--more--><br \/>\nHej Storytellerv\u00e4n,<br \/>\nH\u00e4r kommer Storytellers nyhetsbrev nummer 29. Jag ber\u00e4ttar lite personligt om vad som h\u00e4nt sen senast och om vad som \u00e4r p\u00e5 g\u00e5ng fram\u00f6ver. Det mesta finns som vanligt i f\u00f6rdjupad form p\u00e5 http:\/\/storytellers.se som haft \u00f6ver 75.000 bes\u00f6kare sen jag l\u00e4t min loggbok b\u00f6rja r\u00e4kna f\u00f6r n\u00e5gra \u00e5r sedan.<br \/>\n++++++++++++++++++++++++++++++++++++++++++++<br \/>\nDu k\u00e4nner f\u00f6rmodligen till David Attenborough, legendarisk brittisk forskare och TV-man, som i m\u00e5nga \u00e5r tagit oss med p\u00e5 sp\u00e4nnande tv-resor in i olika  kulturer. BBC har l\u00e5tit honom guida oss tittare till sp\u00e4nnande djur och m\u00e4nskliga kulturer.<br \/>\nMed Attenborough som f\u00f6rebild har jag just, givetvis med glimten i \u00f6gat, varit med att ta fram en f\u00f6retagsfilm. Jag ska ber\u00e4tta mer om filmen och id\u00e9n i detta nyhetsbrev.<br \/>\nJag ska ocks\u00e5 ber\u00e4tta om Huddinge kommun och Region Sk\u00e5ne. Och om n\u00e4r jag samlade f\u00f6rlossningsstories i Trollh\u00e4ttan.<br \/>\nJag ska reflektera \u00f6ver den sagokampanj som Svenskt N\u00e4ringsliv har just nu och fram till jul i svenska media och om ett samarbetsprojekt f\u00f6r att utveckla tanken med storyduschar.<br \/>\nJag bjuder ocks\u00e5 in till gratisfrukost i januari.<br \/>\nTill slut ocks\u00e5 n\u00e5got om den privata storytellingen med v\u00e4nner och familj.<br \/>\n++++++++++++++++++++++++++++++++++++++++++++<br \/>\nBer\u00e4ttelsen om mannen som ville bada<br \/>\nParet hade v\u00e4ntat m\u00e5nga \u00e5r p\u00e5 att f\u00e5 barn. Det de inte hade l\u00e4st i b\u00f6cker och p\u00e5 n\u00e4tet var inte v\u00e4rt att veta. De hade allt helt klart f\u00f6r sig. Musik hade de med sig och eget badkar beg\u00e4rde de.<br \/>\nPersonalen p\u00e5 f\u00f6rlossningsavdelningen vet att varje par \u00e4r unikt s\u00e5 de tappar f\u00f6rst\u00e5s tj\u00e4nstvilligt upp ett bad och g\u00f6r vad de kan f\u00f6r att kvinnan ska f\u00e5 bada fram till dess att det \u00e4r dags. F\u00f6da i badet f\u00e5r hon inte f\u00f6r Socialstyrelsen.<br \/>\nD\u00e5 ser de att mannen b\u00f6rjar kl\u00e4 av sig. Spritt spr\u00e5ngande naken kliver han ned i badkaret till sin n\u00e4stan-f\u00f6dande hustru. Han vill ocks\u00e5 bada.<br \/>\nMed b\u00e5da i badkaret sv\u00e4mmar vattnet \u00f6ver och rinner ut i korridoren. Personalen torkar. Och torkar. Mannen v\u00e4ltrar. Och v\u00e4ltrar. Musiken d\u00e5nar och mannen sjunger.<br \/>\nParet m\u00e4rker ingenting av uppassningen och servicen som p\u00e5g\u00e5r runt dem. De \u00e4r helt upptagna av varandra medan personalen g\u00f6r vad den kan f\u00f6r att torka upp och f\u00f6rhindra vattenskada i korridoren.<br \/>\nMusikspelaren d\u00e5nar med parets personligt valda och medhavda musik. De har p\u00e5 n\u00e5got m\u00e4rkligt s\u00e4tt fullst\u00e4ndigt tagit \u00f6ver avdelningen trots att det \u00e4r barn p\u00e5 g\u00e5ng i flera av rummen. Alla p\u00e5 avdelningen m\u00e4rker av de badande.<br \/>\nParet befinner sig helt enkelt i universums medelpunkt.<br \/>\nD\u00e5 k\u00e4nner kvinnan att nu \u00e4r det verkligen dags.<br \/>\nHon f\u00e5r hj\u00e4lp att komma in till f\u00f6rlossningsrummet och den nakne mannen springer f\u00f6rvirrad och ropande runt f\u00f6rlossningss\u00e4ngen.<br \/>\nPersonalen tycker att mannen borde ta p\u00e5 sig n\u00e5gonting, men var \u00e4r hans kl\u00e4der? Blev de v\u00e5ta? En sk\u00f6terska ger honom att par stora n\u00e4ttrosor som egentligen \u00e4r till f\u00f6r de f\u00f6dande mammorna. N\u00e5gonting ska han ju ha p\u00e5 sig.<br \/>\nHan tar fr\u00e5nvarande p\u00e5 sig dem och st\u00f6ttar, halvnaken, med de grovmaskiga n\u00e4ttrosorna som enda plagg, sin hustru i f\u00f6rlossningsarbetet medan n\u00e5gon fortfarande  torkar upp badvatten i korridoren.<br \/>\n++++++++++++++++++++++++++++++++++++++++++++<br \/>\nS\u00e5 kan en f\u00f6rlossningsstory fr\u00e5n Trollh\u00e4ttan l\u00e5ta. Den kan anv\u00e4ndas som organisationsber\u00e4ttelse och den visar i h\u00e4ndelseformat en del av vad det inneb\u00e4r att ing\u00e5 i ett f\u00f6rlossningsteam p\u00e5 ett svenskt sjukhus.<br \/>\nDagens f\u00f6r\u00e4ldrar \u00e4r vana att s\u00e4tta sig sj\u00e4lva i centrum och de \u00e4r s\u00e5 p\u00e5l\u00e4sta och best\u00e4mda att de inte alltid \u00e4r s\u00e5 l\u00e4tta att hantera. Personalen \u00e4r hela tiden, utryckt med n\u00e4ringslivets begrepp, kundorienterade och anpassade till varje kunds speciella behov. Trots att det \u00e4r en s\u00e4llantj\u00e4nst de levererar.<br \/>\nBer\u00e4ttelsen om Den badande mannen tog jag fram, som en av flera, p\u00e5 uppdrag av V\u00e4stra G\u00f6talandsregionen. De ville kommunicera lite emotionellt och h\u00e4ndelsebaserat i samband med att de skulle tala om barn och barnperspektiv i sin medborgartidning som kommer ut i dagarna.<br \/>\nF\u00f6r mig g\u00e4llde det att s\u00f6ka h\u00e4ndelser och \u00e5terge dem f\u00f6r att spegla personalens kompetens och speciella arbetsmilj\u00f6 i samband med att befolkningen i V\u00e4stra G\u00f6taland \u00f6kar. Allts\u00e5 \u00e4r detta en organisationsber\u00e4ttelse.<br \/>\n++++++++++++++++++++++++++++++++++++++++++++<br \/>\nH\u00e4r var det allts\u00e5 V\u00e4stra G\u00f6talandsregionen som gav mig uppdraget. Jag har ocks\u00e5 varit inbjuden till Region Sk\u00e5ne sen senast. I samband med deras kulturevenemang Rantafej d\u00e4r Eva Rydberg fick det stora kulturpriset fick jag \u00e4ran att tala om storytelling och organisationskulturer.<br \/>\nOrganisationer som arbetar med kultur och kulturfr\u00e5gor \u00e4r ju kulturer i sig. Dessa kan skildras i Corporate Storytellingformat och \u00e4r precis lika v\u00e4rdefulla som vilka kulturer som helst. Det var temat f\u00f6r min f\u00f6rel\u00e4sning inf\u00f6r Region Sk\u00e5nes kulturpersonligheter och kulturbyr\u00e5krater.<br \/>\n++++++++++++++++++++++++++++++++++++++++++++<br \/>\nEtt v\u00e4ldigt sp\u00e4nnande uppdrag som jag arbetar just nu \u00e4r att jag i samarbete med Tullbergs Kommunikationsbyr\u00e5 arbetar med ber\u00e4ttelser som kan ladda Huddinge kommuns varum\u00e4rke. Huddinge, en kommun med 90.000 inv\u00e5nare i s\u00f6dra Storstockholm, vill p\u00e5verka snacket om sig sj\u00e4lv med speglande ber\u00e4ttelser.<br \/>\nDe har gott om trycksaker och tidningar och olika presentationer. Min uppgift \u00e4r att komplettera detta material med n\u00e5gra slagkraftiga, bildrika Huddingestories som laddar kommunens varum\u00e4rke.<br \/>\nDet \u00e4r ett sv\u00e5rt uppdrag. En verklig utmaning. Men jag letar, lite pretenti\u00f6st uttryckt, efter Huddinges sj\u00e4l. Jag k\u00e4nner in denna plats p\u00e5 jorden och f\u00f6rs\u00f6ker f\u00f6rst\u00e5 vilka som bor och verkar d\u00e4r. Sen ska jag leverera n\u00e5gra ber\u00e4ttelser som, utan att vara nedtyngda av fakta, direkt positionerar Huddinge &#8211; i hj\u00e4rna och hj\u00e4rta.<br \/>\nJag \u00e4r \u00f6vertygad om att m\u00e5nga svenska kommuner kommer att leta i denna nisch fram\u00f6ver. Bortom det informativa och sloganbaserade till det emotionella och intuitiva &#8211; men \u00e4nd\u00e5 sanna.<br \/>\nOm jag s\u00e4ger Huddinge. Vad t\u00e4nker du d\u00e5? F\u00f6rhoppningsvis kan storyprojektet g\u00f6ra det l\u00e4ttare f\u00f6r b\u00e5de Huddingebor och andra att snart svara p\u00e5 den fr\u00e5gan.<br \/>\n++++++++++++++++++++++++++++++++++++++++++++<br \/>\nDu kanske har m\u00e4rkt att Svenskt N\u00e4ringsliv nu i december 2007 har en serie sagor presenterade p\u00e5 helsidor i dagspressen. Sagan om Gumman som handlade f\u00f6r lite eller Sagan om F\u00f6retagaren som inte ville tj\u00e4na pengar till exempel.<br \/>\nP\u00e5 bloggar och i kommentarer i Dagens Medias n\u00e4ttidning rasar f\u00f6rol\u00e4mpningar och pajkastning i vanlig ordning aprop\u00e5 detta. F\u00f6r min del s\u00e5 r\u00e4cker det att konstatera att de hittat p\u00e5 sagor i n\u00e5gon slags Elsa Beskowanda. Moraliserande men ack s\u00e5 mycket s\u00e4mre.<br \/>\nJag f\u00f6rst\u00e5r inte att de inte kan ta sagor fr\u00e5n verkligheten f\u00f6r att f\u00f6ra fram sina budskap. D\u00e5 slipper man den infantila ton som l\u00e4tt blir n\u00e4r man h\u00e4rmar 100-\u00e5riga Beskowsagor.  Det g\u00e5r faktiskt \u00e4nd\u00e5 att b\u00f6rja med orden: Det var en g\u00e5ng&#8230;och sluta med orden&#8230;S\u00e5 kan det g\u00e5.<br \/>\nUr ett rent dramaturgiskt perspektiv tycker jag d\u00e4rf\u00f6r att kampanjen \u00e4r ett misslyckande. Jag f\u00f6rst\u00e5r att Svenskt N\u00e4ringsliv vill driva sina kampanjer f\u00f6r \u00f6kad handel och mot Las. Men d\u00e5 f\u00e5r man ta tag i dramaturgin lite grand. Det g\u00e4ller i synnerhet om man ger sig p\u00e5 sagoformen.<br \/>\nJag hoppas att de inte tycker att de h\u00e5ller p\u00e5 med Corporate V\u00e4rderingsstorytelling, f\u00f6r vi som g\u00f6r de kan \u00e5stadkomma n\u00e5got mycket b\u00e4ttre \u00e4n s\u00e5. Det blir som att begreppet dras ned om de kallar det storytelling, tycker jag.<br \/>\nP\u00e5hittade reklamsagor har ingenting med det professionella storytellingbegreppet att g\u00f6ra.<br \/>\n++++++++++++++++++++++++++++++++++++++++++++<br \/>\nJag har gjort en film tillsammans med Phosworks Digital Industries \u00e5t Upplands Lokaltrafik. Upplands Lokaltrafik, som \u00e4r uppl\u00e4nningarnas motsvarighet till Stockholmarnas SL, fyller 30 n\u00e4sta \u00e5r och ville beskriva f\u00f6retaget p\u00e5 ett annat s\u00e4tt \u00e4n det rent faktuella.<br \/>\nJag har d\u00e4rf\u00f6r unders\u00f6kt UL-folket. Jag har rest runt och samlat deras f\u00f6retagsfolklore. Jag hittade ett sp\u00e4nnande folk som f\u00f6rvaltar en tradition av resande och m\u00f6ten mellan m\u00e4nniskor.<br \/>\nDet var s\u00e5 vi kom p\u00e5 att man skulle kunna beskriva detta folk, dess 250 bussar, dess t\u00e5g, h\u00e5llplatser och alla ber\u00e4ttelser om dem sj\u00e4lva och deras kunder.<br \/>\nD\u00e5 kl\u00e4cktes uttrycket &#8221;David Attenboroughkonceptet&#8221;.<br \/>\nJag tog p\u00e5 mig en vit linnekostym och reste i filmen likt en David Attenborough runt i deras revir. Precis som Attenborough talade jag l\u00e5gm\u00e4lt och med stor beundran om denna sp\u00e4nnande folkgrupp och deras liv och ber\u00e4ttelser.<br \/>\nEn verkligt annorlunda f\u00f6retagsfilm som presenterades och delades ut till medarbetarna i b\u00f6rjan av december. Vi som skrev manus och genomf\u00f6rde produktionen tycker att vi hittat en helt ny nisch d\u00e4r storytelling och f\u00f6retagsfilm v\u00e4vs samman p\u00e5 ett sp\u00e4nnande s\u00e4tt.<br \/>\nOch detta s\u00e4tt att arbeta beh\u00f6ver inte bli dyrare \u00e4n en broschyr eller jubileumsskrift. Alla medarbetare f\u00e5r ett ex p\u00e5 dvd och filmen kan anv\u00e4ndas i m\u00e5nga olika sammanhang.<br \/>\n++++++++++++++++++++++++++++++++++++++++++++<br \/>\nVill du \u00e4ta gratisfrukost i Stockholm 24 januari 2008?<br \/>\nJag och Lexter ( http:\/\/lexter.se ) talar om storytelling och presenterar nya fantastiska h\u00f6gtalare med riktat ljud. Jag propagerar, i det sammanhanget, f\u00f6rst\u00e5s f\u00f6r att dessa ljudduschar p\u00e5 ett utm\u00e4rkt s\u00e4tt kan anv\u00e4ndas f\u00f6r att sprida organisations- och produktstories. Vi har redan provat det med Arlanda Express och det fungerar utm\u00e4rkt.<br \/>\nVill du \u00e4ta gratisfrukost den 24 januari ska du skicka uppgifter till <a href=\"mailto:lexterfrukost@storytellers.se\">lexterfrukost@storytellers.se<\/a> s\u00e5 \u00e5terkommer vi. H\u00f6gtalarna \u00e4r fantastiska och Lexter har Sverigeagenturen. Inneh\u00e5llet kan jag leverera till den som vill s\u00e4nda stories i riktade ljudstr\u00e5lar.<br \/>\n++++++++++++++++++++++++++++++++++++++++++++<br \/>\nN\u00e4r mina yngsta barn var sm\u00e5 s\u00e5 hade jag redan l\u00e4st s\u00e5 m\u00e5nga sagor till de \u00e4ldre att jag var lite tr\u00f6tt p\u00e5 Disneys musse-piggifierade versioner av HC Andersen och br\u00f6derna Grimm. Inte heller de pr\u00e4ktiga Barnens Bokklubbsber\u00e4ttelserna r\u00e4ckte till.<br \/>\nD\u00e5 b\u00f6rjade jag ber\u00e4tta om mig sj\u00e4lv. Sm\u00e5 sanna h\u00e4ndelser ur mitt liv.<br \/>\nBarnen \u00e4lskade detta och det har pr\u00e4glat v\u00e5r relation. I dag \u00e4r de 15 och 17 och ber\u00e4ttar g\u00e4rna sj\u00e4lva. Dessutom k\u00e4nner de mig v\u00e4l. Jag ber\u00e4ttade om stort och sm\u00e5tt fult och snyggt. Men jag talade alltid sanning. Det h\u00e5ller ocks\u00e5 som id\u00e9 i Corporate Storytelling.<br \/>\nDetta \u00e4r ett trevligt s\u00e4tt att umg\u00e5s ocks\u00e5 med \u00f6vrig familj och v\u00e4nner. Kanske vid middagsborden nu i juletid.<br \/>\n++++++++++++++++++++++++++++++++++++++++++++<br \/>\nJag som skriver det h\u00e4r nyhetsbrevet heter Matts Heijbel. Antingen har du sj\u00e4lv tecknat dig p\u00e5 s\u00e4ndlistan via n\u00e4tet eller s\u00e5 har du g\u00e5tt p\u00e5 n\u00e5got av mina seminarier.<br \/>\nDet jag tar upp h\u00e4r finns i f\u00f6rdjupad form p\u00e5 http:\/\/storytellers.se d\u00e4r det finns cirka 550 texter om Corporate Storytelling. D\u00e4r finns tips, fr\u00e5gor och svar, akademiska uppsatser och mycket annat. En riktig entusiastplats.<br \/>\nOm du inte vill ha brevet l\u00e4ngre s\u00e5 kan du skriva nej tack till nyhetsbrev@storytellers.se<br \/>\nH\u00e4lsn<br \/>\nMatts Heijbel<br \/>\nStockholm 12 december 2007<\/p>\n","protected":false},"excerpt":{"rendered":"<p>Det h\u00e4r nyhetsbrevet g\u00e5r idag ut till prenumeranterna p\u00e5 Storytellers nyhetsbrev. Vill du ocks\u00e5 vara med p\u00e5 listan? Skriv in dig i rutan en bit ned till h\u00f6ger.<\/p>\n","protected":false},"author":2,"featured_media":0,"comment_status":"open","ping_status":"closed","sticky":false,"template":"","format":"standard","meta":[],"categories":[8],"tags":[],"_links":{"self":[{"href":"https:\/\/storytellers.se\/index.php?rest_route=\/wp\/v2\/posts\/1634"}],"collection":[{"href":"https:\/\/storytellers.se\/index.php?rest_route=\/wp\/v2\/posts"}],"about":[{"href":"https:\/\/storytellers.se\/index.php?rest_route=\/wp\/v2\/types\/post"}],"author":[{"embeddable":true,"href":"https:\/\/storytellers.se\/index.php?rest_route=\/wp\/v2\/users\/2"}],"replies":[{"embeddable":true,"href":"https:\/\/storytellers.se\/index.php?rest_route=%2Fwp%2Fv2%2Fcomments&post=1634"}],"version-history":[{"count":0,"href":"https:\/\/storytellers.se\/index.php?rest_route=\/wp\/v2\/posts\/1634\/revisions"}],"wp:attachment":[{"href":"https:\/\/storytellers.se\/index.php?rest_route=%2Fwp%2Fv2%2Fmedia&parent=1634"}],"wp:term":[{"taxonomy":"category","embeddable":true,"href":"https:\/\/storytellers.se\/index.php?rest_route=%2Fwp%2Fv2%2Fcategories&post=1634"},{"taxonomy":"post_tag","embeddable":true,"href":"https:\/\/storytellers.se\/index.php?rest_route=%2Fwp%2Fv2%2Ftags&post=1634"}],"curies":[{"name":"wp","href":"https:\/\/api.w.org\/{rel}","templated":true}]}}