{"id":1630,"date":"2007-12-11T11:58:32","date_gmt":"2007-12-11T10:58:32","guid":{"rendered":"http:\/\/heijbel.wordpress.com\/2007\/12\/11\/kommunicera-med-50"},"modified":"2007-12-11T11:58:32","modified_gmt":"2007-12-11T10:58:32","slug":"kommunicera-med-50","status":"publish","type":"post","link":"https:\/\/storytellers.se\/?p=1630","title":{"rendered":"Kommunicera med 50+"},"content":{"rendered":"<p>N\u00e4r man ska s\u00f6ka och dramaturgiskt f\u00f6rpacka stories f\u00f6r gruppen 50+ s\u00e5 \u00e4r det inte alltid s\u00e4kert att samma mentala bilder fungerar som f\u00f6r yngre m\u00e5lgrupper. Ibland fungerar f\u00f6rst\u00e5s en story rakt igenom generationerna men ibland beh\u00f6ver ber\u00e4ttelser skiktas f\u00f6r olika \u00e5ldersgrupper. Den internationella 50+byr\u00e5n Senioragency har n\u00e5gra&#8230;<\/p>\n<p><!--more--><br \/>\n&#8230;<a href=\"http:\/\/www.senioragency.com\/page\/some-golden-rules-to-communicate-efficiently-towards-mature-consumers-and-baby-boomers\">gyllene regler<\/a> som de tycker man ska ta h\u00e4nsyn till n\u00e4r man vill p\u00e5verka 50-plusare.<br \/>\nF\u00f6renklat och f\u00f6rkortat p\u00e5st\u00e5r Senioragency det h\u00e4r:<br \/>\n1.<br \/>\nVar positiv. Vi beh\u00f6ver inte p\u00e5minna en 50-plusare om bekymmer och problem f\u00f6r att n\u00e5 fram.<br \/>\n2.<br \/>\nVar inte f\u00f6r reklamig i tonen. 50-plusaren, utanf\u00f6r den rena mediav\u00e4rlden, \u00e4r m\u00e5ttligt intresserad och imponerad av reklambruset som omger honom\/henne.<br \/>\n3.<br \/>\nVisa g\u00e4rna 50-plusaren tillsammans med andra generationer. Far- och morf\u00f6r\u00e4ldrar vill g\u00e4rna vara sn\u00e4lla mot barn och barnbarn. \u00c4ven om 50-plusaren inte har egna barn s\u00e5 vill han\/hon inte buntas ihop i en-generations-g\u00e4ng.<br \/>\n4.<br \/>\nBeskriv 50-plusaren som aktiv och attraktiv. 50-plusare \u00e4r ofta i god form och tar v\u00e4l hand om sin fysik. Det handlar allts\u00e5 inte om stapplande gamlingar, inte ens n\u00e4r de \u00e4r 70+.<br \/>\n5.<br \/>\nTala om sj\u00e4lva produkten eller tj\u00e4nsten. Inte en massa kringsnack. Inneh\u00e5ll \u00e4r viktigare \u00e4n yta f\u00f6r 50+.<br \/>\n6.<br \/>\nAnv\u00e4nd g\u00e4rna andra k\u00e4nda 50-plusare i kommunikationen. Varje generation har sina hj\u00e4ltar exempelvis bland idrottsstj\u00e4rnor, f\u00f6rfattare och sk\u00e5despelare. De fungerar b\u00e4ttre \u00e4n anonyma modeller.<br \/>\nF\u00f6r en Corporate Storyteller kan dessa gyllene regler s\u00e4kert vara bra att ha med i ber\u00e4kningen n\u00e4r vi beh\u00f6ver utveckla eller sk\u00f6rda olika ber\u00e4ttelsedramaturgier f\u00f6r olika \u00e5ldrar eller n\u00e4r m\u00e5lgruppen \u00e4r specifikt 50+. Sen \u00e4r f\u00f6rst\u00e5s 50+ en fantastisk blandning av m\u00e4nniskor med kanske 40 \u00e5r kvar att leva s\u00e5 det \u00e4r ett trubbigt begrepp.<br \/>\nCorporate Storytelling anv\u00e4nder dessutom ofta emotionell kommunikation snarare \u00e4n emotionell vilket sk\u00e4r resonemangen p\u00e5 ytterligare ett s\u00e4tt. Men det \u00e4r alltid bra att varsamt m\u00e4ta ber\u00e4ttelserna mot olika avst\u00e4mningskriterier och d\u00e5 \u00e4r Senioragencys gyllene regler sp\u00e4nnande instrument f\u00f6r att g\u00f6ra verkligheten synlig.<\/p>\n","protected":false},"excerpt":{"rendered":"<p>N\u00e4r man ska s\u00f6ka och dramaturgiskt f\u00f6rpacka stories f\u00f6r gruppen 50+ s\u00e5 \u00e4r det inte alltid s\u00e4kert att samma mentala bilder fungerar som f\u00f6r yngre m\u00e5lgrupper. Ibland fungerar f\u00f6rst\u00e5s en story rakt igenom generationerna men ibland beh\u00f6ver ber\u00e4ttelser skiktas f\u00f6r olika \u00e5ldersgrupper. Den internationella 50+byr\u00e5n Senioragency har n\u00e5gra&#8230;<\/p>\n","protected":false},"author":2,"featured_media":0,"comment_status":"open","ping_status":"closed","sticky":false,"template":"","format":"standard","meta":[],"categories":[2],"tags":[],"_links":{"self":[{"href":"https:\/\/storytellers.se\/index.php?rest_route=\/wp\/v2\/posts\/1630"}],"collection":[{"href":"https:\/\/storytellers.se\/index.php?rest_route=\/wp\/v2\/posts"}],"about":[{"href":"https:\/\/storytellers.se\/index.php?rest_route=\/wp\/v2\/types\/post"}],"author":[{"embeddable":true,"href":"https:\/\/storytellers.se\/index.php?rest_route=\/wp\/v2\/users\/2"}],"replies":[{"embeddable":true,"href":"https:\/\/storytellers.se\/index.php?rest_route=%2Fwp%2Fv2%2Fcomments&post=1630"}],"version-history":[{"count":0,"href":"https:\/\/storytellers.se\/index.php?rest_route=\/wp\/v2\/posts\/1630\/revisions"}],"wp:attachment":[{"href":"https:\/\/storytellers.se\/index.php?rest_route=%2Fwp%2Fv2%2Fmedia&parent=1630"}],"wp:term":[{"taxonomy":"category","embeddable":true,"href":"https:\/\/storytellers.se\/index.php?rest_route=%2Fwp%2Fv2%2Fcategories&post=1630"},{"taxonomy":"post_tag","embeddable":true,"href":"https:\/\/storytellers.se\/index.php?rest_route=%2Fwp%2Fv2%2Ftags&post=1630"}],"curies":[{"name":"wp","href":"https:\/\/api.w.org\/{rel}","templated":true}]}}