{"id":1626,"date":"2007-12-07T17:30:58","date_gmt":"2007-12-07T16:30:58","guid":{"rendered":"http:\/\/heijbel.wordpress.com\/2007\/12\/07\/lantmannen-soker-storytelling"},"modified":"2007-12-07T17:30:58","modified_gmt":"2007-12-07T16:30:58","slug":"lantmannen-soker-storytelling","status":"publish","type":"post","link":"https:\/\/storytellers.se\/?p=1626","title":{"rendered":"Lantm\u00e4nnen s\u00f6ker storytelling"},"content":{"rendered":"<p>Det g\u00e5r bra f\u00f6r Lantm\u00e4nnen som nu oms\u00e4tter 32 miljarder kronor. Lantm\u00e4nnen Lantbruk, som utg\u00f6r koncernens sj\u00e4lva k\u00e4rnverksamhet, ska nu med min hj\u00e4lp, se vad organisationsstorytelling skulle kunna inneb\u00e4ra f\u00f6r f\u00f6rdelar. Jag ska medverka och initiera..<\/p>\n<p><!--more--><br \/>\n&#8230;den processen i Tyl\u00f6sand i januari.<br \/>\nKanske leder det senare till en mer systematisk process d\u00e4r <a href=\"http:\/\/www.lantmannen.com\/sv\/Lantmannen-COM\/\"> Lantm\u00e4nnen<\/a> bygger en gemensam repertoar av ber\u00e4ttelser h\u00e4mtade fr\u00e5n verkligheten som bidrar till att p\u00e5 emotionell grund g\u00f6ra den den egna kompetensen synlig f\u00f6r medlemmar och kunder.<br \/>\nF\u00f6r det finns f\u00f6rst\u00e5s ett starkt storykapital hos Lantm\u00e4nnen. Jag lovar.<br \/>\nLantm\u00e4nnen, som helhet, \u00e4gs av 44.000 svenska lantbrukare, har 13.000 anst\u00e4llda, finns i 20 l\u00e4nder och oms\u00e4tter som sagt 32 miljarder kronor.<br \/>\nF\u00f6r mig \u00e4r det obegripligt att inte alla organisationer inventerar sitt ber\u00e4ttarkapital. N\u00e5gra f\u00e5 g\u00f6r det strategiskt. Nu \u00e4r allts\u00e5 ocks\u00e5 Lantm\u00e4nnen p\u00e5 g\u00e5ng in i detta.<\/p>\n","protected":false},"excerpt":{"rendered":"<p>Det g\u00e5r bra f\u00f6r Lantm\u00e4nnen som nu oms\u00e4tter 32 miljarder kronor. Lantm\u00e4nnen Lantbruk, som utg\u00f6r koncernens sj\u00e4lva k\u00e4rnverksamhet, ska nu med min hj\u00e4lp, se vad organisationsstorytelling skulle kunna inneb\u00e4ra f\u00f6r f\u00f6rdelar. Jag ska medverka och initiera..<\/p>\n","protected":false},"author":2,"featured_media":0,"comment_status":"open","ping_status":"closed","sticky":false,"template":"","format":"standard","meta":[],"categories":[9],"tags":[],"_links":{"self":[{"href":"https:\/\/storytellers.se\/index.php?rest_route=\/wp\/v2\/posts\/1626"}],"collection":[{"href":"https:\/\/storytellers.se\/index.php?rest_route=\/wp\/v2\/posts"}],"about":[{"href":"https:\/\/storytellers.se\/index.php?rest_route=\/wp\/v2\/types\/post"}],"author":[{"embeddable":true,"href":"https:\/\/storytellers.se\/index.php?rest_route=\/wp\/v2\/users\/2"}],"replies":[{"embeddable":true,"href":"https:\/\/storytellers.se\/index.php?rest_route=%2Fwp%2Fv2%2Fcomments&post=1626"}],"version-history":[{"count":0,"href":"https:\/\/storytellers.se\/index.php?rest_route=\/wp\/v2\/posts\/1626\/revisions"}],"wp:attachment":[{"href":"https:\/\/storytellers.se\/index.php?rest_route=%2Fwp%2Fv2%2Fmedia&parent=1626"}],"wp:term":[{"taxonomy":"category","embeddable":true,"href":"https:\/\/storytellers.se\/index.php?rest_route=%2Fwp%2Fv2%2Fcategories&post=1626"},{"taxonomy":"post_tag","embeddable":true,"href":"https:\/\/storytellers.se\/index.php?rest_route=%2Fwp%2Fv2%2Ftags&post=1626"}],"curies":[{"name":"wp","href":"https:\/\/api.w.org\/{rel}","templated":true}]}}