{"id":1624,"date":"2007-12-06T21:33:11","date_gmt":"2007-12-06T20:33:11","guid":{"rendered":"http:\/\/heijbel.wordpress.com\/2007\/12\/06\/film-for-ul"},"modified":"2007-12-06T21:33:11","modified_gmt":"2007-12-06T20:33:11","slug":"film-for-ul","status":"publish","type":"post","link":"https:\/\/storytellers.se\/?p=1624","title":{"rendered":"Film f\u00f6r UL"},"content":{"rendered":"<p>I dag har hela personalen i Upplands Lokaltrafik f\u00e5tt en film d\u00e4r jag var delaktig i manus och genomf\u00f6rande. Tanken med projektet var att&#8230;<\/p>\n<p><!--more--><br \/>\n&#8230;beskriva Upplands Lokaltrafiks uppdrag och kulur inf\u00f6r 30-\u00e5rsjubil\u00e9et n\u00e4sta \u00e5r.<br \/>\nVi valde n\u00e5got vi kallade Attenborough-konceptet, dvs ett antropologiskt perspektiv d\u00e4r jag, likt BBCs David Attenborough, bes\u00f6kte och skildrade UL och deras entrepren\u00f6rer med k\u00e4rlek och respekt. Deras egna ber\u00e4ttelser om sig sj\u00e4lva lade den folkloristiska stortellinggrunden f\u00f6r beskrivningen av f\u00f6retaget och dess uppdrag.<br \/>\nInte en siffra, inte en byr\u00e5kratisk artighet. Bara kultur och k\u00e4rleksfull skildring av m\u00e4nniskor och de 250 bussarna som har ett viktigt uppdrag i Uppland.<br \/>\nJag var inbjuden till en ceremoni i samband med ULs julfest p\u00e5 Furviksparken.<\/p>\n","protected":false},"excerpt":{"rendered":"<p>I dag har hela personalen i Upplands Lokaltrafik f\u00e5tt en film d\u00e4r jag var delaktig i manus och genomf\u00f6rande. Tanken med projektet var att&#8230;<\/p>\n","protected":false},"author":2,"featured_media":0,"comment_status":"open","ping_status":"closed","sticky":false,"template":"","format":"standard","meta":[],"categories":[4],"tags":[],"_links":{"self":[{"href":"https:\/\/storytellers.se\/index.php?rest_route=\/wp\/v2\/posts\/1624"}],"collection":[{"href":"https:\/\/storytellers.se\/index.php?rest_route=\/wp\/v2\/posts"}],"about":[{"href":"https:\/\/storytellers.se\/index.php?rest_route=\/wp\/v2\/types\/post"}],"author":[{"embeddable":true,"href":"https:\/\/storytellers.se\/index.php?rest_route=\/wp\/v2\/users\/2"}],"replies":[{"embeddable":true,"href":"https:\/\/storytellers.se\/index.php?rest_route=%2Fwp%2Fv2%2Fcomments&post=1624"}],"version-history":[{"count":0,"href":"https:\/\/storytellers.se\/index.php?rest_route=\/wp\/v2\/posts\/1624\/revisions"}],"wp:attachment":[{"href":"https:\/\/storytellers.se\/index.php?rest_route=%2Fwp%2Fv2%2Fmedia&parent=1624"}],"wp:term":[{"taxonomy":"category","embeddable":true,"href":"https:\/\/storytellers.se\/index.php?rest_route=%2Fwp%2Fv2%2Fcategories&post=1624"},{"taxonomy":"post_tag","embeddable":true,"href":"https:\/\/storytellers.se\/index.php?rest_route=%2Fwp%2Fv2%2Ftags&post=1624"}],"curies":[{"name":"wp","href":"https:\/\/api.w.org\/{rel}","templated":true}]}}