{"id":1622,"date":"2007-12-06T11:51:17","date_gmt":"2007-12-06T10:51:17","guid":{"rendered":"http:\/\/heijbel.wordpress.com\/2007\/12\/06\/dagens-media-uppmarksammar"},"modified":"2007-12-06T11:51:17","modified_gmt":"2007-12-06T10:51:17","slug":"dagens-media-uppmarksammar","status":"publish","type":"post","link":"https:\/\/storytellers.se\/?p=1622","title":{"rendered":"Dagens Media uppm\u00e4rksammar"},"content":{"rendered":"<p>I Dagens Media 21\/07, som kom till l\u00e4sarna ig\u00e5r, skriver Kristin Djerf om mitt och Tullbergs Kommunikationsbyr\u00e5s Storytellingprojekt i Huddinge.<\/p>\n<p><!--more--><br \/>\n\u2013 Vi har anlitat Matts Heijbel f\u00f6r att hj\u00e4lpa till att g\u00f6ra storyn intressant, inte bara informativ, s\u00e4ger informationschefen i Huddinge, Berit Oscarsson till DM, aprop\u00e5 uppdraget.<br \/>\nJag sj\u00e4lv konstaterar, i Dagens Mediaintervjun, bland annat, att Huddingestoryn som vi jobbar med ska bottna i sanning f\u00f6r att kunna g\u00f6ra sitt jobb. Den m\u00e5ste vara kort och enkel att f\u00f6rst\u00e5. Inte f\u00f6r mycket fakta och \u00e5rtal.<br \/>\nJag och Tullbergs VD, Torsten Tullberg, har hittills bland annat rest runt i kommunen f\u00f6r att k\u00e4nna in sj\u00e4len och kommunkulturen.<br \/>\nNu l\u00e4ser vi ocks\u00e5 p\u00e5 men f\u00f6rs\u00f6ker att h\u00e5lla oss fria i tanken.<br \/>\nH\u00e4r g\u00e4ller det bl a att f\u00e5 ihop bilden dels av Norra Europas st\u00f6rsta handelsplats som finns i Kungens Kurva, Karolinska universitetssjukhuset \/ Huddinge och den starkt pulserande nybyggarst\u00e4mningen bland sj\u00e4lvbyggande entrepren\u00f6rer vid Glad\u00f6 Kvarn. Till detta kommer folket i Sveriges st\u00f6rsta sammanh\u00e4ngande villamattor som t\u00e4cker stora delar av kommunen. Allt detta ligger till r\u00e5ga p\u00e5 allt omgivet av stora or\u00f6rda naturreservat som exempelvis Paradiset.<br \/>\nHuddinge \u00e4r inte precis enformigt.<br \/>\n( Villamattor kallas f\u00f6rresten de stora sammanh\u00e4ngande villaomr\u00e5dena som str\u00e4cker sig kilometer efter kilometer i Huddinge )<br \/>\nDagens Medias papperstidning har 20.000 l\u00e4sare. Den profilerar sig som aff\u00e4rstidning inom marknadsf\u00f6ring och medieval. L\u00e4sarna \u00e4r marknads-, reklam-, informations- och produktchefer i reklamintensiva f\u00f6retag.<br \/>\nEnligt Dagens Media \u00e4r storytelling en av de starkaste trenderna just nu inom mediabranschen.<\/p>\n","protected":false},"excerpt":{"rendered":"<p>I Dagens Media 21\/07, som kom till l\u00e4sarna ig\u00e5r, skriver Kristin Djerf om mitt och Tullbergs Kommunikationsbyr\u00e5s Storytellingprojekt i Huddinge.<\/p>\n","protected":false},"author":2,"featured_media":0,"comment_status":"open","ping_status":"closed","sticky":false,"template":"","format":"standard","meta":[],"categories":[2],"tags":[],"_links":{"self":[{"href":"https:\/\/storytellers.se\/index.php?rest_route=\/wp\/v2\/posts\/1622"}],"collection":[{"href":"https:\/\/storytellers.se\/index.php?rest_route=\/wp\/v2\/posts"}],"about":[{"href":"https:\/\/storytellers.se\/index.php?rest_route=\/wp\/v2\/types\/post"}],"author":[{"embeddable":true,"href":"https:\/\/storytellers.se\/index.php?rest_route=\/wp\/v2\/users\/2"}],"replies":[{"embeddable":true,"href":"https:\/\/storytellers.se\/index.php?rest_route=%2Fwp%2Fv2%2Fcomments&post=1622"}],"version-history":[{"count":0,"href":"https:\/\/storytellers.se\/index.php?rest_route=\/wp\/v2\/posts\/1622\/revisions"}],"wp:attachment":[{"href":"https:\/\/storytellers.se\/index.php?rest_route=%2Fwp%2Fv2%2Fmedia&parent=1622"}],"wp:term":[{"taxonomy":"category","embeddable":true,"href":"https:\/\/storytellers.se\/index.php?rest_route=%2Fwp%2Fv2%2Fcategories&post=1622"},{"taxonomy":"post_tag","embeddable":true,"href":"https:\/\/storytellers.se\/index.php?rest_route=%2Fwp%2Fv2%2Ftags&post=1622"}],"curies":[{"name":"wp","href":"https:\/\/api.w.org\/{rel}","templated":true}]}}