{"id":1616,"date":"2007-11-23T10:50:57","date_gmt":"2007-11-23T09:50:57","guid":{"rendered":"http:\/\/heijbel.wordpress.com\/2007\/11\/23\/skvaller-kan-vara-bra"},"modified":"2007-11-23T10:50:57","modified_gmt":"2007-11-23T09:50:57","slug":"skvaller-kan-vara-bra","status":"publish","type":"post","link":"https:\/\/storytellers.se\/?p=1616","title":{"rendered":"Skvaller kan vara bra"},"content":{"rendered":"<p>Det \u00e4r alltid lika kul att se n\u00e4r skvallerunders\u00f6kningarna publiceras i media. Nu i veckan l\u00e4ste jag om en Temounders\u00f6kning i \u00e4mnet. F\u00f6r mig, som Corporate Storyteller, \u00e4r skvaller en m\u00f6jlighet inte ett hot. Tala om dig sj\u00e4lv, ber\u00e4tta om andra. Det \u00e4r ju s\u00e5 vi utvecklas. Som ledare kan du f\u00f6rs\u00f6ka lyssna och leverera br\u00e4nsle till skvallerkraften&#8230;<\/p>\n<p><!--more--><br \/>\nJag menar d\u00e5 inte illasinnat tal som \u00e4r till f\u00f6r att skada eller f\u00f6rminska. Jag menar att v\u00e4lkomna ett samtalsklimat som \u00e4r \u00f6ppet och som st\u00e4rker organisationen. Jag tror m\u00e5nga chefer skulle ha nytta av att lyssna av sin organisations skvaller och f\u00f6rs\u00f6ka plantera viktiga ber\u00e4ttelser.<br \/>\nSkvaller kan allts\u00e5 vara bra f\u00f6r verksamheten. Ber\u00e4tta om vad som h\u00e4nder och f\u00f6rs\u00f6k d\u00e4rmed att p\u00e5verka snacket och tonl\u00e4get och l\u00e4tet i organisationen.<br \/>\nBer\u00e4tta ocks\u00e5 s\u00e5 mycket som m\u00f6jligt om kunderna eller brukarna, det \u00e4r ju f\u00f6r dem vi utf\u00f6r v\u00e5rt arbete.<br \/>\nI Aftonbladet i veckan stod det att l\u00e4sa om att ledarstil och kompetensv\u00e4rdering var de vanligaste \u00e4mnena i svenskt f\u00f6retagsskvaller. S\u00e5 d\u00e4r kan man kanske leverera lite br\u00e4nsle till skvallerbrasan.<br \/>\nMan synligg\u00f6r nuet och framtiden med exempel.<\/p>\n","protected":false},"excerpt":{"rendered":"<p>Det \u00e4r alltid lika kul att se n\u00e4r skvallerunders\u00f6kningarna publiceras i media. Nu i veckan l\u00e4ste jag om en Temounders\u00f6kning i \u00e4mnet. F\u00f6r mig, som Corporate Storyteller, \u00e4r skvaller en m\u00f6jlighet inte ett hot. Tala om dig sj\u00e4lv, ber\u00e4tta om andra. Det \u00e4r ju s\u00e5 vi utvecklas. Som ledare kan du f\u00f6rs\u00f6ka lyssna och leverera&#8230;<\/p>\n","protected":false},"author":2,"featured_media":0,"comment_status":"open","ping_status":"closed","sticky":false,"template":"","format":"standard","meta":[],"categories":[2],"tags":[],"_links":{"self":[{"href":"https:\/\/storytellers.se\/index.php?rest_route=\/wp\/v2\/posts\/1616"}],"collection":[{"href":"https:\/\/storytellers.se\/index.php?rest_route=\/wp\/v2\/posts"}],"about":[{"href":"https:\/\/storytellers.se\/index.php?rest_route=\/wp\/v2\/types\/post"}],"author":[{"embeddable":true,"href":"https:\/\/storytellers.se\/index.php?rest_route=\/wp\/v2\/users\/2"}],"replies":[{"embeddable":true,"href":"https:\/\/storytellers.se\/index.php?rest_route=%2Fwp%2Fv2%2Fcomments&post=1616"}],"version-history":[{"count":0,"href":"https:\/\/storytellers.se\/index.php?rest_route=\/wp\/v2\/posts\/1616\/revisions"}],"wp:attachment":[{"href":"https:\/\/storytellers.se\/index.php?rest_route=%2Fwp%2Fv2%2Fmedia&parent=1616"}],"wp:term":[{"taxonomy":"category","embeddable":true,"href":"https:\/\/storytellers.se\/index.php?rest_route=%2Fwp%2Fv2%2Fcategories&post=1616"},{"taxonomy":"post_tag","embeddable":true,"href":"https:\/\/storytellers.se\/index.php?rest_route=%2Fwp%2Fv2%2Ftags&post=1616"}],"curies":[{"name":"wp","href":"https:\/\/api.w.org\/{rel}","templated":true}]}}