{"id":1612,"date":"2007-11-19T16:12:26","date_gmt":"2007-11-19T15:12:26","guid":{"rendered":"http:\/\/heijbel.wordpress.com\/2007\/11\/19\/om-sanningen-i-en-story"},"modified":"2007-11-19T16:12:26","modified_gmt":"2007-11-19T15:12:26","slug":"om-sanningen-i-en-story","status":"publish","type":"post","link":"https:\/\/storytellers.se\/?p=1612","title":{"rendered":"Om sanningen i en story"},"content":{"rendered":"<p>I sin bok What\u00b4s your story? skriver Ryan Mathews och Watts Wacker om kravet p\u00e5 sanning i Corporate Storytelling. Det ber\u00f6r mig. Jag har ju envist bitit mig fast vid att det \u00e4r de sanna ber\u00e4ttelserna som g\u00e4ller, att det \u00e4r det som \u00e4r sj\u00e4lva po\u00e4ngen. Men det finns faktiskt en nyans som \u00e4r intressant i de b\u00e5da amerikanernas bok&#8230;<\/p>\n<p><!--more--><br \/>\nGenerellt anser de att \u00e4rlighet, autenticitet och trov\u00e4rdighet \u00e4r grundl\u00e4ggande element i organisationsber\u00e4ttande. Men n\u00e4r det kommer till SANNING och SANNINGEN (the true and the truth) \u00e4r de b\u00f6jda att h\u00e5lla med Platon.<br \/>\nPlaton talar om myter som sanningsber\u00e4ttelser snarare \u00e4n sanna ber\u00e4ttelser. Att bara rapportera fakta kan m\u00f6jligen visa vad som faktiskt h\u00e4nde men om dessa fakta s\u00e4tts in i ett st\u00f6rre sammanhang &#8211;  till exempel i en storydramaturgi &#8211; kan man mycket l\u00e4ttare f\u00e5 fram sj\u00e4lva po\u00e4ngen.<br \/>\nDet t\u00e5l att reflektera \u00f6ver eftersom storytelling i organisationer har ett syfte. Ber\u00e4ttelserna f\u00f6rv\u00e4ntas n\u00e4mligen g\u00f6ra ett jobb. Det finns ju hela tiden en underliggande kommunikationsstrategi i storytellandet.<br \/>\nS\u00e5 skillnaden mellan sanning och sanningen kan man definitivt reflektera \u00f6ver n\u00e4r man f\u00f6rpackar ber\u00e4ttelsen dramaturgiskt i sitt organisationsber\u00e4ttande.<br \/>\nFortfarande g\u00e4ller f\u00f6rst\u00e5s att Corporate Storytelling inte \u00e4r ett sagober\u00e4ttande utan ett ber\u00e4ttande som sk\u00f6rdar sina po\u00e4nger fr\u00e5n verkligheten. Det \u00e4r inte sagober\u00e4ttande a la Ica-Stig de syftar p\u00e5.<\/p>\n","protected":false},"excerpt":{"rendered":"<p>I sin bok What\u00b4s your story? skriver Ryan Mathews och Watts Wacker om kravet p\u00e5 sanning i Corporate Storytelling. Det ber\u00f6r mig. Jag har ju envist bitit mig fast vid att det \u00e4r de sanna ber\u00e4ttelserna som g\u00e4ller, att det \u00e4r det som \u00e4r sj\u00e4lva po\u00e4ngen. Men det finns faktiskt en nyans som \u00e4r intressant&#8230;<\/p>\n","protected":false},"author":2,"featured_media":0,"comment_status":"open","ping_status":"closed","sticky":false,"template":"","format":"standard","meta":[],"categories":[2],"tags":[],"_links":{"self":[{"href":"https:\/\/storytellers.se\/index.php?rest_route=\/wp\/v2\/posts\/1612"}],"collection":[{"href":"https:\/\/storytellers.se\/index.php?rest_route=\/wp\/v2\/posts"}],"about":[{"href":"https:\/\/storytellers.se\/index.php?rest_route=\/wp\/v2\/types\/post"}],"author":[{"embeddable":true,"href":"https:\/\/storytellers.se\/index.php?rest_route=\/wp\/v2\/users\/2"}],"replies":[{"embeddable":true,"href":"https:\/\/storytellers.se\/index.php?rest_route=%2Fwp%2Fv2%2Fcomments&post=1612"}],"version-history":[{"count":0,"href":"https:\/\/storytellers.se\/index.php?rest_route=\/wp\/v2\/posts\/1612\/revisions"}],"wp:attachment":[{"href":"https:\/\/storytellers.se\/index.php?rest_route=%2Fwp%2Fv2%2Fmedia&parent=1612"}],"wp:term":[{"taxonomy":"category","embeddable":true,"href":"https:\/\/storytellers.se\/index.php?rest_route=%2Fwp%2Fv2%2Fcategories&post=1612"},{"taxonomy":"post_tag","embeddable":true,"href":"https:\/\/storytellers.se\/index.php?rest_route=%2Fwp%2Fv2%2Ftags&post=1612"}],"curies":[{"name":"wp","href":"https:\/\/api.w.org\/{rel}","templated":true}]}}