{"id":1610,"date":"2007-11-15T18:53:14","date_gmt":"2007-11-15T17:53:14","guid":{"rendered":"http:\/\/heijbel.wordpress.com\/2007\/11\/15\/kulturfest-i-skane"},"modified":"2007-11-15T18:53:14","modified_gmt":"2007-11-15T17:53:14","slug":"kulturfest-i-skane","status":"publish","type":"post","link":"https:\/\/storytellers.se\/?p=1610","title":{"rendered":"Kulturfest i Sk\u00e5ne"},"content":{"rendered":"<p>I dag hade jag det fina uppdraget att inspirationsf\u00f6rel\u00e4sa f\u00f6r 250 m\u00e4nniskor i kultursk\u00e5ne i samband med att Eva Rydberg blev \u00e5rets kulturpristagare i Region Sk\u00e5ne. 14 andra konstn\u00e4rer av olika slag fick ocks\u00e5 stipendier. Vi h\u00f6ll till i&#8230;<\/p>\n<p><!--more--><br \/>\n&#8230; Mazettis gamla chokladfabrik i centrala Malm\u00f6. M\u00f6tet med dessa kulturarbetare, kulturbyr\u00e5krater och kulturproducenter var fantastiskt. Skratten rullade genom den gamla chokladfabriken. Vilken gr\u00e4ns\u00f6verskridande kultur som lever i Region Sk\u00e5ne.<br \/>\nMitt tema var att varje organisationskultur och f\u00f6retagskultur \u00e4r precis lika fin som vilken annan kultur som helst. N\u00e4r kulturinstitutioner storytellar, i den mening jag talar om det, \u00e4r det allts\u00e5 inte deras kulturprodukt det handlar om utan om dem sj\u00e4lva. Det handlar om dem som m\u00f6jligg\u00f6r det.<br \/>\nBer\u00e4ttartemat genomsyrade dagen.<br \/>\nKulturpristagare Eva Rydberg fick hundra tusen kronor.<br \/>\nMellan tio och tjugofemtusen gav Region Sk\u00e5ne till Fredrik Str\u00f6mberg serieber\u00e4ttarguru, Ida Linde poet som debuterade med  diktsviten Maskinflickans testamente, ber\u00e4ttardansaren Malin Skoglund, kollektivkonstn\u00e4ren Terje \u00d6stling, teaterdirekt\u00f6ren J\u00f6rgen Dahlqvist, filmaren Csaba Bene Perlenberg, violinisten Anna Grane, konstn\u00e4ren Magnus Thierfelder, kultur-i-v\u00e5rdengruppen i Esl\u00f6v, l\u00e4xl\u00e4sning-i-Roseng\u00e5rd-ledaren Rena Nilsson, ungdomsteaterledaren p\u00e5 \u00d6sterlen Paula Brante m fl.<br \/>\nGalleristerna och storkprojektentusiasterna  vid Tomarps kungsg\u00e5rd, Ulf Melvin och Margareth Fjellstr\u00f6m, fick en s\u00e4rskild kulturutm\u00e4rkelse f\u00f6r sin verksamhet p\u00e5 medeltidsg\u00e5rden i Tomarp som lockar bes\u00f6kare fr\u00e5n hela Sk\u00e5ne.<\/p>\n","protected":false},"excerpt":{"rendered":"<p>I dag hade jag det fina uppdraget att inspirationsf\u00f6rel\u00e4sa f\u00f6r 250 m\u00e4nniskor i kultursk\u00e5ne i samband med att Eva Rydberg blev \u00e5rets kulturpristagare i Region Sk\u00e5ne. 14 andra konstn\u00e4rer av olika slag fick ocks\u00e5 stipendier. Vi h\u00f6ll till i&#8230;<\/p>\n","protected":false},"author":2,"featured_media":0,"comment_status":"open","ping_status":"closed","sticky":false,"template":"","format":"standard","meta":[],"categories":[2],"tags":[],"_links":{"self":[{"href":"https:\/\/storytellers.se\/index.php?rest_route=\/wp\/v2\/posts\/1610"}],"collection":[{"href":"https:\/\/storytellers.se\/index.php?rest_route=\/wp\/v2\/posts"}],"about":[{"href":"https:\/\/storytellers.se\/index.php?rest_route=\/wp\/v2\/types\/post"}],"author":[{"embeddable":true,"href":"https:\/\/storytellers.se\/index.php?rest_route=\/wp\/v2\/users\/2"}],"replies":[{"embeddable":true,"href":"https:\/\/storytellers.se\/index.php?rest_route=%2Fwp%2Fv2%2Fcomments&post=1610"}],"version-history":[{"count":0,"href":"https:\/\/storytellers.se\/index.php?rest_route=\/wp\/v2\/posts\/1610\/revisions"}],"wp:attachment":[{"href":"https:\/\/storytellers.se\/index.php?rest_route=%2Fwp%2Fv2%2Fmedia&parent=1610"}],"wp:term":[{"taxonomy":"category","embeddable":true,"href":"https:\/\/storytellers.se\/index.php?rest_route=%2Fwp%2Fv2%2Fcategories&post=1610"},{"taxonomy":"post_tag","embeddable":true,"href":"https:\/\/storytellers.se\/index.php?rest_route=%2Fwp%2Fv2%2Ftags&post=1610"}],"curies":[{"name":"wp","href":"https:\/\/api.w.org\/{rel}","templated":true}]}}