{"id":1608,"date":"2007-11-14T15:18:29","date_gmt":"2007-11-14T14:18:29","guid":{"rendered":"http:\/\/heijbel.wordpress.com\/2007\/11\/14\/mannen-som-ville-bada"},"modified":"2007-11-14T15:18:29","modified_gmt":"2007-11-14T14:18:29","slug":"mannen-som-ville-bada","status":"publish","type":"post","link":"https:\/\/storytellers.se\/?p=1608","title":{"rendered":"Mannen som ville bada"},"content":{"rendered":"<p>N\u00e4r jag nyligen samlade f\u00f6rlossningsber\u00e4ttelser i V\u00e4stra G\u00f6taland s\u00e5 handlade det inte om det vardagliga. Om det nu finns. Snarare om sanna speciella h\u00e4ndelser som s\u00e4tter sig i medarbetarna och visar hur flexibel man m\u00e5ste vara p\u00e5 en f\u00f6rlossningsavdelning. Som t ex den h\u00e4r om Mannen som ville bada:<\/p>\n<p><!--more--><br \/>\nMannen som ville bada<br \/>\nParet hade v\u00e4ntat m\u00e5nga \u00e5r p\u00e5 att f\u00e5 barn. Det de inte hade l\u00e4st i b\u00f6cker och p\u00e5 n\u00e4tet var inte v\u00e4rt att veta. De hade allt helt klart f\u00f6r sig. Musik hade de med sig och bada ville de g\u00f6ra. I ett eget badkar.<br \/>\nPersonalen vet att varje par \u00e4r unikt s\u00e5 de tappar upp ett bad och g\u00f6r vad de kan f\u00f6r att kvinnan ska f\u00e5 bada fram till dess att det var dags.<br \/>\nD\u00e5 ser de mannen kl\u00e4 av sig. Spritt spr\u00e5ngande naken kliver han ned i badkaret till sin n\u00e4stan-f\u00f6dande hustru. Han vill ocks\u00e5 bada. Med b\u00e5da i badkaret sv\u00e4mmar vattnet \u00f6ver och rinner ut i korridoren.<br \/>\nParet m\u00e4rker ingenting. De \u00e4r helt upptagna av varandra medan personalen g\u00f6r vad de kan f\u00f6r att torka upp och f\u00f6rhindra vattenskada.<br \/>\nMusikspelaren d\u00e5nar med parets medhavda musik. De har p\u00e5 n\u00e5got m\u00e4rkligt s\u00e4tt fullst\u00e4ndigt tagit \u00f6ver avdelningen. De befinner sig i universums medelpunkt.<br \/>\nD\u00e5 k\u00e4nner kvinnan att nu \u00e4r det verkligen dags.<br \/>\nHon f\u00e5r hj\u00e4lp att komma in till f\u00f6rlossningsrummet och den nakne mannen springer f\u00f6rvirrad och ropande runt f\u00f6rlossningss\u00e4ngen.<br \/>\nPersonalen tycker att han kanske skulle ta p\u00e5 sig n\u00e5gonting men var \u00e4r hans kl\u00e4der? Blev de v\u00e5ta? En sk\u00f6terska ger honom att par stora n\u00e4ttrosor som egentligen \u00e4r till f\u00f6r de f\u00f6dande mammorna. N\u00e5gonting ska han ju ha p\u00e5 sig.<br \/>\nHan tar fr\u00e5nvarande p\u00e5 sig dem och st\u00f6ttar, halvnaken, med de grovmaskiga n\u00e4ttrosorna som enda plagg, sin hustru i f\u00f6rlossningsarbetet medan n\u00e5gon torkar upp badvattnet i korridoren.<\/p>\n","protected":false},"excerpt":{"rendered":"<p>N\u00e4r jag nyligen samlade f\u00f6rlossningsber\u00e4ttelser i V\u00e4stra G\u00f6taland s\u00e5 handlade det inte om det vardagliga. Om det nu finns. Snarare om sanna speciella h\u00e4ndelser som s\u00e4tter sig i medarbetarna och visar hur flexibel man m\u00e5ste vara p\u00e5 en f\u00f6rlossningsavdelning. Som t ex den h\u00e4r om Mannen som ville bada:<\/p>\n","protected":false},"author":2,"featured_media":0,"comment_status":"open","ping_status":"closed","sticky":false,"template":"","format":"standard","meta":[],"categories":[10],"tags":[],"_links":{"self":[{"href":"https:\/\/storytellers.se\/index.php?rest_route=\/wp\/v2\/posts\/1608"}],"collection":[{"href":"https:\/\/storytellers.se\/index.php?rest_route=\/wp\/v2\/posts"}],"about":[{"href":"https:\/\/storytellers.se\/index.php?rest_route=\/wp\/v2\/types\/post"}],"author":[{"embeddable":true,"href":"https:\/\/storytellers.se\/index.php?rest_route=\/wp\/v2\/users\/2"}],"replies":[{"embeddable":true,"href":"https:\/\/storytellers.se\/index.php?rest_route=%2Fwp%2Fv2%2Fcomments&post=1608"}],"version-history":[{"count":0,"href":"https:\/\/storytellers.se\/index.php?rest_route=\/wp\/v2\/posts\/1608\/revisions"}],"wp:attachment":[{"href":"https:\/\/storytellers.se\/index.php?rest_route=%2Fwp%2Fv2%2Fmedia&parent=1608"}],"wp:term":[{"taxonomy":"category","embeddable":true,"href":"https:\/\/storytellers.se\/index.php?rest_route=%2Fwp%2Fv2%2Fcategories&post=1608"},{"taxonomy":"post_tag","embeddable":true,"href":"https:\/\/storytellers.se\/index.php?rest_route=%2Fwp%2Fv2%2Ftags&post=1608"}],"curies":[{"name":"wp","href":"https:\/\/api.w.org\/{rel}","templated":true}]}}