{"id":1604,"date":"2007-11-07T10:44:29","date_gmt":"2007-11-07T09:44:29","guid":{"rendered":"http:\/\/heijbel.wordpress.com\/2007\/11\/07\/hr-studenter-i-stockholm"},"modified":"2007-11-07T10:44:29","modified_gmt":"2007-11-07T09:44:29","slug":"hr-studenter-i-stockholm","status":"publish","type":"post","link":"https:\/\/storytellers.se\/?p=1604","title":{"rendered":"HR-studenter i Stockholm"},"content":{"rendered":"<p>I dag har jag 3 timmars f\u00f6rel\u00e4sning f\u00f6r studenter p\u00e5 Pao vid Stockholms universitet. Det \u00e4r allts\u00e5 de blivande personalcheferna som ska f\u00e5 en injektion om Corporate storytelling som kommunikations- och rekryteringsverktyg.<\/p>\n","protected":false},"excerpt":{"rendered":"<p>I dag har jag 3 timmars f\u00f6rel\u00e4sning f\u00f6r studenter p\u00e5 Pao vid Stockholms universitet. Det \u00e4r allts\u00e5 de blivande personalcheferna som ska f\u00e5 en injektion om Corporate storytelling som kommunikations- och rekryteringsverktyg.<\/p>\n","protected":false},"author":2,"featured_media":0,"comment_status":"open","ping_status":"closed","sticky":false,"template":"","format":"standard","meta":[],"categories":[9],"tags":[],"_links":{"self":[{"href":"https:\/\/storytellers.se\/index.php?rest_route=\/wp\/v2\/posts\/1604"}],"collection":[{"href":"https:\/\/storytellers.se\/index.php?rest_route=\/wp\/v2\/posts"}],"about":[{"href":"https:\/\/storytellers.se\/index.php?rest_route=\/wp\/v2\/types\/post"}],"author":[{"embeddable":true,"href":"https:\/\/storytellers.se\/index.php?rest_route=\/wp\/v2\/users\/2"}],"replies":[{"embeddable":true,"href":"https:\/\/storytellers.se\/index.php?rest_route=%2Fwp%2Fv2%2Fcomments&post=1604"}],"version-history":[{"count":0,"href":"https:\/\/storytellers.se\/index.php?rest_route=\/wp\/v2\/posts\/1604\/revisions"}],"wp:attachment":[{"href":"https:\/\/storytellers.se\/index.php?rest_route=%2Fwp%2Fv2%2Fmedia&parent=1604"}],"wp:term":[{"taxonomy":"category","embeddable":true,"href":"https:\/\/storytellers.se\/index.php?rest_route=%2Fwp%2Fv2%2Fcategories&post=1604"},{"taxonomy":"post_tag","embeddable":true,"href":"https:\/\/storytellers.se\/index.php?rest_route=%2Fwp%2Fv2%2Ftags&post=1604"}],"curies":[{"name":"wp","href":"https:\/\/api.w.org\/{rel}","templated":true}]}}