{"id":1602,"date":"2007-11-07T10:10:11","date_gmt":"2007-11-07T09:10:11","guid":{"rendered":"http:\/\/heijbel.wordpress.com\/2007\/11\/07\/att-spana-mot-framtiden"},"modified":"2007-11-07T10:10:11","modified_gmt":"2007-11-07T09:10:11","slug":"att-spana-mot-framtiden","status":"publish","type":"post","link":"https:\/\/storytellers.se\/?p=1602","title":{"rendered":"Att spana mot framtiden"},"content":{"rendered":"<p>Jag deltog i Handelns Dag i Uppsala ig\u00e5r. Till en del talade jag om att f\u00f6rs\u00f6ka g\u00f6ra framtiden synlig genom att beskriva tekniken med s\u00e5 kallade visionsber\u00e4ttelser utifr\u00e5n ett Corporate Storytellingperspektiv. D\u00e4r h\u00e4mtar man och beskriver, i storyformat, verkliga h\u00e4ndelser fr\u00e5n sin nuvarande vardag och planterar in dem man gillar i en t\u00e4nkt framtid. Genom att ber\u00e4tta uttrycker man som ledare beteenden man tror p\u00e5 och g\u00f6r&#8230;<\/p>\n<p><!--more--><br \/>\n&#8230;d\u00e4rmed en t\u00e4nkbar framtid synlig och kan kanske med hj\u00e4lp av ber\u00e4ttelserna dra organisationen \u00e5t det h\u00e5llet.<br \/>\nEn annan av talarna var Linda Genf fr\u00e5n <a href=\"http:\/\/www.futuresense.se\/\/\">Futuresense<\/a> som spanar in i framtiden bl a med hj\u00e4lp av trendscenarier som f\u00f6rs\u00f6ker g\u00f6ra v\u00e5r n\u00e4rmaste framtid synlig utifr\u00e5n omv\u00e4rldsprocesser.<br \/>\nSp\u00e4nnande.<br \/>\nSom storyteller r\u00f6r man sig fr\u00e4mst i det som redan skett och det som regisseras idag. Som framtidsspanare utg\u00e5r man, s\u00e5vitt jag f\u00f6rst\u00e5r, fr\u00e5n sammanst\u00e4llningar av p\u00e5g\u00e5ende historiska skeenden och l\u00e5ngsiktiga trender och drar sin slutsatser om den framtid vi \u00e4nnu inte upplevt.<br \/>\nLinda Genf konstaterade att m\u00e5nga f\u00f6r n\u00e4rvarande shoppar b\u00e5de billigt och dyrt p\u00e5 en g\u00e5ng men att det kan vara s\u00e5 att uppdelningen mellan &#8221;l\u00e5gprism\u00e4nniskor&#8221; och &#8221;h\u00f6gprism\u00e4nniskor&#8221; nog blir tydligare fram\u00f6ver.<br \/>\nHon konstaterade ocks\u00e5 att olika slag av omv\u00e4rldsskeenden alltifr\u00e5n s\u00e5 olika inslag som klimatf\u00f6r\u00e4ndringar, Kampradageranden, politiska val och terroratacker kan f\u00e5 avg\u00f6rande betydelse f\u00f6r vad som h\u00e4nder ocks\u00e5 i handeln de n\u00e4rmaste \u00e5ren.<br \/>\nF\u00f6rst\u00e5s.<br \/>\nHon sa att hon \u00e4r s\u00e4ker p\u00e5 vissa f\u00f6r\u00e4ndringar inom tio \u00e5r, i det h\u00e4r fallet om Uppsala. Fler lever ensamma, fler \u00e4r invandrare, fler e-handlar, fler m\u00e4n g\u00f6r hush\u00e5llsink\u00f6pen, butikerna blir alltmer r\u00e5dgivande och relationsbyggande n\u00e4r de utmanas av den galopperande e-handeln.<br \/>\nDessa omv\u00e4rldsfaktorer kan vara ett bra st\u00f6d n\u00e4r man som organisationsber\u00e4ttare skissar p\u00e5 sina visionsber\u00e4ttelser. Jag tror att den egna organisationsvisionen beskriven inifr\u00e5n i ber\u00e4ttelsens dramaturgi och kanske i samspel med futurestudies av olika slag kan g\u00f6ra den egna organisationsframtiden synlig.<br \/>\nSom Corporatye Storyteller kanske man tror lite mer p\u00e5 den inneboende utvecklingskraften \u00e4n framtidsforskaren som kanske ser omv\u00e4rlden forma f\u00f6ruts\u00e4ttningar och verklighet.<br \/>\nB\u00e5da perspektiv, korsbefruktade med varandra, blir mest sp\u00e4nnande om vi talar framtid.<br \/>\nEn storyteller vet att ber\u00e4ttelser om viktiga h\u00e4ndelser finns redan. Det g\u00e4ller att finna dem och s\u00e4tta dem i arbete. Vissa h\u00e4ndelser som sker i organisationen i dag, kanske bara vid n\u00e5got enstaka tillf\u00e4lle, kan vara tidiga signaler p\u00e5 morgondagens vitt spridda arbetsmetoder och v\u00e4rderingar.<\/p>\n","protected":false},"excerpt":{"rendered":"<p>Jag deltog i Handelns Dag i Uppsala ig\u00e5r. Till en del talade jag om att f\u00f6rs\u00f6ka g\u00f6ra framtiden synlig genom att beskriva tekniken med s\u00e5 kallade visionsber\u00e4ttelser utifr\u00e5n ett Corporate Storytellingperspektiv. D\u00e4r h\u00e4mtar man och beskriver, i storyformat, verkliga h\u00e4ndelser fr\u00e5n sin nuvarande vardag och planterar in dem man gillar i en t\u00e4nkt framtid. Genom&#8230;<\/p>\n","protected":false},"author":2,"featured_media":0,"comment_status":"open","ping_status":"closed","sticky":false,"template":"","format":"standard","meta":[],"categories":[2],"tags":[],"_links":{"self":[{"href":"https:\/\/storytellers.se\/index.php?rest_route=\/wp\/v2\/posts\/1602"}],"collection":[{"href":"https:\/\/storytellers.se\/index.php?rest_route=\/wp\/v2\/posts"}],"about":[{"href":"https:\/\/storytellers.se\/index.php?rest_route=\/wp\/v2\/types\/post"}],"author":[{"embeddable":true,"href":"https:\/\/storytellers.se\/index.php?rest_route=\/wp\/v2\/users\/2"}],"replies":[{"embeddable":true,"href":"https:\/\/storytellers.se\/index.php?rest_route=%2Fwp%2Fv2%2Fcomments&post=1602"}],"version-history":[{"count":0,"href":"https:\/\/storytellers.se\/index.php?rest_route=\/wp\/v2\/posts\/1602\/revisions"}],"wp:attachment":[{"href":"https:\/\/storytellers.se\/index.php?rest_route=%2Fwp%2Fv2%2Fmedia&parent=1602"}],"wp:term":[{"taxonomy":"category","embeddable":true,"href":"https:\/\/storytellers.se\/index.php?rest_route=%2Fwp%2Fv2%2Fcategories&post=1602"},{"taxonomy":"post_tag","embeddable":true,"href":"https:\/\/storytellers.se\/index.php?rest_route=%2Fwp%2Fv2%2Ftags&post=1602"}],"curies":[{"name":"wp","href":"https:\/\/api.w.org\/{rel}","templated":true}]}}