{"id":1600,"date":"2007-11-05T17:26:21","date_gmt":"2007-11-05T16:26:21","guid":{"rendered":"http:\/\/heijbel.wordpress.com\/2007\/11\/05\/hos-svenska-handel-i-uppsala"},"modified":"2007-11-05T17:26:21","modified_gmt":"2007-11-05T16:26:21","slug":"hos-svenska-handel-i-uppsala","status":"publish","type":"post","link":"https:\/\/storytellers.se\/?p=1600","title":{"rendered":"Hos Svenska Handel i Uppsala"},"content":{"rendered":"<p>I morgon ska jag f\u00f6rel\u00e4sa inf\u00f6r hundra personer p\u00e5 Handelns Dag i Uppsala. Jag ska tala om hur man anv\u00e4nder f\u00f6retagets egna ber\u00e4ttelser f\u00f6r att n\u00e5 framg\u00e5ng. En sp\u00e4nnande m\u00e5lgrupp som s\u00e4kert kan finna m\u00e5nga merv\u00e4rden i ber\u00e4ttelser att addera till varor och tj\u00e4nster.<\/p>\n","protected":false},"excerpt":{"rendered":"<p>I morgon ska jag f\u00f6rel\u00e4sa inf\u00f6r hundra personer p\u00e5 Handelns Dag i Uppsala. Jag ska tala om hur man anv\u00e4nder f\u00f6retagets egna ber\u00e4ttelser f\u00f6r att n\u00e5 framg\u00e5ng. En sp\u00e4nnande m\u00e5lgrupp som s\u00e4kert kan finna m\u00e5nga merv\u00e4rden i ber\u00e4ttelser att addera till varor och tj\u00e4nster.<\/p>\n","protected":false},"author":2,"featured_media":0,"comment_status":"open","ping_status":"closed","sticky":false,"template":"","format":"standard","meta":[],"categories":[9],"tags":[],"_links":{"self":[{"href":"https:\/\/storytellers.se\/index.php?rest_route=\/wp\/v2\/posts\/1600"}],"collection":[{"href":"https:\/\/storytellers.se\/index.php?rest_route=\/wp\/v2\/posts"}],"about":[{"href":"https:\/\/storytellers.se\/index.php?rest_route=\/wp\/v2\/types\/post"}],"author":[{"embeddable":true,"href":"https:\/\/storytellers.se\/index.php?rest_route=\/wp\/v2\/users\/2"}],"replies":[{"embeddable":true,"href":"https:\/\/storytellers.se\/index.php?rest_route=%2Fwp%2Fv2%2Fcomments&post=1600"}],"version-history":[{"count":0,"href":"https:\/\/storytellers.se\/index.php?rest_route=\/wp\/v2\/posts\/1600\/revisions"}],"wp:attachment":[{"href":"https:\/\/storytellers.se\/index.php?rest_route=%2Fwp%2Fv2%2Fmedia&parent=1600"}],"wp:term":[{"taxonomy":"category","embeddable":true,"href":"https:\/\/storytellers.se\/index.php?rest_route=%2Fwp%2Fv2%2Fcategories&post=1600"},{"taxonomy":"post_tag","embeddable":true,"href":"https:\/\/storytellers.se\/index.php?rest_route=%2Fwp%2Fv2%2Ftags&post=1600"}],"curies":[{"name":"wp","href":"https:\/\/api.w.org\/{rel}","templated":true}]}}