{"id":1598,"date":"2007-11-03T09:23:06","date_gmt":"2007-11-03T08:23:06","guid":{"rendered":"http:\/\/heijbel.wordpress.com\/2007\/11\/03\/riktat-ljud"},"modified":"2007-11-03T09:23:06","modified_gmt":"2007-11-03T08:23:06","slug":"riktat-ljud","status":"publish","type":"post","link":"https:\/\/storytellers.se\/?p=1598","title":{"rendered":"Riktat ljud"},"content":{"rendered":"<p>Jag fick id\u00e9n till storyduschen f\u00f6rsta g\u00e5ngen f\u00f6r n\u00e5gra \u00e5r sedan och fick f\u00f6rverkliga den tillsammans med Arlanda Express. Nu arbetar jag tillsammans med Lexter, <a href=\"http:\/\/www.lexter.se\/post\/britta-snackar\/\/\">proffs p\u00e5 ljud och riktade h\u00f6gtalare<\/a>  med flera sp\u00e4nnande projekt p\u00e5 g\u00e5ng. Min del i arbetet \u00e4r f\u00f6rst\u00e5s inneh\u00e5llet i form av stories. I januari ska vi visa den som vill veta vad det kan betyda.<\/p>\n","protected":false},"excerpt":{"rendered":"<p>Jag fick id\u00e9n till storyduschen f\u00f6rsta g\u00e5ngen f\u00f6r n\u00e5gra \u00e5r sedan och fick f\u00f6rverkliga den tillsammans med Arlanda Express. Nu arbetar jag tillsammans med Lexter, proffs p\u00e5 ljud och riktade h\u00f6gtalare med flera sp\u00e4nnande projekt p\u00e5 g\u00e5ng. Min del i arbetet \u00e4r f\u00f6rst\u00e5s inneh\u00e5llet i form av stories. I januari ska vi visa den som&#8230;<\/p>\n","protected":false},"author":2,"featured_media":0,"comment_status":"open","ping_status":"closed","sticky":false,"template":"","format":"standard","meta":[],"categories":[2],"tags":[],"_links":{"self":[{"href":"https:\/\/storytellers.se\/index.php?rest_route=\/wp\/v2\/posts\/1598"}],"collection":[{"href":"https:\/\/storytellers.se\/index.php?rest_route=\/wp\/v2\/posts"}],"about":[{"href":"https:\/\/storytellers.se\/index.php?rest_route=\/wp\/v2\/types\/post"}],"author":[{"embeddable":true,"href":"https:\/\/storytellers.se\/index.php?rest_route=\/wp\/v2\/users\/2"}],"replies":[{"embeddable":true,"href":"https:\/\/storytellers.se\/index.php?rest_route=%2Fwp%2Fv2%2Fcomments&post=1598"}],"version-history":[{"count":0,"href":"https:\/\/storytellers.se\/index.php?rest_route=\/wp\/v2\/posts\/1598\/revisions"}],"wp:attachment":[{"href":"https:\/\/storytellers.se\/index.php?rest_route=%2Fwp%2Fv2%2Fmedia&parent=1598"}],"wp:term":[{"taxonomy":"category","embeddable":true,"href":"https:\/\/storytellers.se\/index.php?rest_route=%2Fwp%2Fv2%2Fcategories&post=1598"},{"taxonomy":"post_tag","embeddable":true,"href":"https:\/\/storytellers.se\/index.php?rest_route=%2Fwp%2Fv2%2Ftags&post=1598"}],"curies":[{"name":"wp","href":"https:\/\/api.w.org\/{rel}","templated":true}]}}