{"id":1596,"date":"2007-10-29T14:48:38","date_gmt":"2007-10-29T13:48:38","guid":{"rendered":"http:\/\/heijbel.wordpress.com\/2007\/10\/29\/forlossningsstories"},"modified":"2007-10-29T14:48:38","modified_gmt":"2007-10-29T13:48:38","slug":"forlossningsstories","status":"publish","type":"post","link":"https:\/\/storytellers.se\/?p=1596","title":{"rendered":"F\u00f6rlossningsstories"},"content":{"rendered":"<p>I dag \u00e5ker jag till Trollh\u00e4ttan f\u00f6r att i morgon tr\u00e4ffa barnmorskor p\u00e5 Norra \u00c4lvsborgs L\u00e4nssjukhus, N\u00c4L. Jag ska samla f\u00f6rlossningsber\u00e4ttelser p\u00e5 uppdrag av V\u00e4stra G\u00f6talandsregionen. Jag m\u00e5ste medge att&#8230;<\/p>\n<p><!--more--><br \/>\n&#8230;det k\u00e4nns v\u00e4ldigt sp\u00e4nnande och som n\u00e5got av ett privilegium att f\u00e5 komma in i s\u00e5 speciella v\u00e4rldar som f\u00f6rlossningsavdelningen p\u00e5 ett sjukhus.<br \/>\nJag har sj\u00e4lv varit p\u00e5 f\u00f6rlossningsavdelningar som pappa vid fyra tillf\u00e4llen i mitt liv, s\u00e5 jag vet lite vad det handlar om. Men nu ska jag f\u00e5 tala med m\u00e4nniskor som r\u00f6rt sig i denna jordemodersv\u00e4rld i \u00e5rtionden.<br \/>\nUppdraget jag har \u00e4r att skildra f\u00f6rlossningsv\u00e4rlden med hj\u00e4lp av n\u00e5gra emotionella h\u00e4ndelser h\u00e4mtade fr\u00e5n verkligheten f\u00f6r att publiceras i en medborgartidskrift.<br \/>\nS\u00e5 fantastiskt \u00e4r det att arbeta med Storytelling i Organisationer. Ena dagen kan jag vara i verkstadsindustrin, en annan i bes\u00f6ksn\u00e4ringen. Sen har jag kanske ett seminarium inom socialf\u00f6rvaltningen i en kommun Stockholm innan jag bes\u00f6ker en myndighet som letar v\u00e4rderingsstories i sitt varum\u00e4rkesarbete innan jag tr\u00e4ffar en s\u00e4ljk\u00e5r i it-branschen. Sen bes\u00f6ker jag kanske en skola.<br \/>\n\u00d6verallt i organisationerna finns allts\u00e5 ett kapital i form av ber\u00e4ttelser fr\u00e5n verkligheten laddade med v\u00e4rderingar och kunskaper. Som storyteller vet jag var och hur jag kan leta efter denna organisationsfolklore och jag har metoder att sk\u00f6rda ber\u00e4ttelserna f\u00f6r att sen kunna s\u00e4tta dem i arbete f\u00f6r organisationens och verksamhetens b\u00e4sta.<br \/>\nDet \u00e4r det V\u00e4stra G\u00f6talandsregionen vill ha ut av det hela n\u00e4r de ger mig uppdraget. Vi har jobbat tillsammans tidigare s\u00e5 de vet vad de f\u00e5r.<\/p>\n","protected":false},"excerpt":{"rendered":"<p>I dag \u00e5ker jag till Trollh\u00e4ttan f\u00f6r att i morgon tr\u00e4ffa barnmorskor p\u00e5 Norra \u00c4lvsborgs L\u00e4nssjukhus, N\u00c4L. Jag ska samla f\u00f6rlossningsber\u00e4ttelser p\u00e5 uppdrag av V\u00e4stra G\u00f6talandsregionen. Jag m\u00e5ste medge att&#8230;<\/p>\n","protected":false},"author":2,"featured_media":0,"comment_status":"open","ping_status":"closed","sticky":false,"template":"","format":"standard","meta":[],"categories":[9],"tags":[],"_links":{"self":[{"href":"https:\/\/storytellers.se\/index.php?rest_route=\/wp\/v2\/posts\/1596"}],"collection":[{"href":"https:\/\/storytellers.se\/index.php?rest_route=\/wp\/v2\/posts"}],"about":[{"href":"https:\/\/storytellers.se\/index.php?rest_route=\/wp\/v2\/types\/post"}],"author":[{"embeddable":true,"href":"https:\/\/storytellers.se\/index.php?rest_route=\/wp\/v2\/users\/2"}],"replies":[{"embeddable":true,"href":"https:\/\/storytellers.se\/index.php?rest_route=%2Fwp%2Fv2%2Fcomments&post=1596"}],"version-history":[{"count":0,"href":"https:\/\/storytellers.se\/index.php?rest_route=\/wp\/v2\/posts\/1596\/revisions"}],"wp:attachment":[{"href":"https:\/\/storytellers.se\/index.php?rest_route=%2Fwp%2Fv2%2Fmedia&parent=1596"}],"wp:term":[{"taxonomy":"category","embeddable":true,"href":"https:\/\/storytellers.se\/index.php?rest_route=%2Fwp%2Fv2%2Fcategories&post=1596"},{"taxonomy":"post_tag","embeddable":true,"href":"https:\/\/storytellers.se\/index.php?rest_route=%2Fwp%2Fv2%2Ftags&post=1596"}],"curies":[{"name":"wp","href":"https:\/\/api.w.org\/{rel}","templated":true}]}}