{"id":1592,"date":"2007-10-25T15:46:37","date_gmt":"2007-10-25T14:46:37","guid":{"rendered":"http:\/\/heijbel.wordpress.com\/2007\/10\/25\/handelskammarens-varderingar"},"modified":"2007-10-25T15:46:37","modified_gmt":"2007-10-25T14:46:37","slug":"handelskammarens-varderingar","status":"publish","type":"post","link":"https:\/\/storytellers.se\/?p=1592","title":{"rendered":"Handelskammarens v\u00e4rderingar"},"content":{"rendered":"<p>I g\u00e5r var jag i Uppsala hos Handelskammaren i Uppsala l\u00e4n, numera en del av Stockholms Handelskammare. Ett 30-tal personer fr\u00e5n Uppsalas n\u00e4ringsliv hade kommit till restauranten d\u00e4r vi tr\u00e4ffades. Vid diskussioner och..<\/p>\n<p><!--more--><br \/>\n&#8230;fr\u00e5gestunderna under seminariet d\u00f6k en mycket vanlig reflektion upp fr\u00e5n en av deltagarna.<br \/>\nN\u00e4mligen den h\u00e4r:<br \/>\nVisst \u00e4r det bra med storytelling det har ju Volvo l\u00e4nge visat och f\u00f6rst\u00e5tt.<br \/>\nSen talade vi om olika typer av reklam fr\u00e5n Volvo Personvagnar ( Volvo Cars ) som rullat i rutorna p\u00e5 senare \u00e5r.<br \/>\nF\u00f6r n\u00e4rvarande \u00e4r det ett  VI-tema kring nya kombin. Vem minns f\u00f6rresten inte dem som skulle \u00e5ka p\u00e5 m\u00f6te i en kinesisk storstad eller den obegripliga laxen som delade bil med mannen och kvinnan (som k\u00f6rde) och de italienska ungdomarna som skulle ut med b\u00e5ten som de hade p\u00e5 sl\u00e4p n\u00e4r den inbyggda telefonen ringde och den ena unge mannen fick br\u00e5ttom hem till tjejen.<br \/>\nNej, detta \u00e4r inte vad jag kallar Corporate Storytelling. Detta \u00e4r reklamsagor som \u00e4r p\u00e5hittade f\u00f6r att visa att man kan vara ung och k\u00f6ra Volvo, att man vill f\u00e5 anledning att l\u00e5ngsamt l\u00e5ta kameran glida \u00f6ver interi\u00f6ren, att det finns inbyggd telefon, parkeringsvarnare med mera. S\u00e4kert bra reklam i och f\u00f6r sig.<br \/>\nHade det d\u00e4remot varit Corporate Storytelling s\u00e5 hade det inte varit dessa livstilssagor utan n\u00e5got annat. H\u00e4ndelser i produktionen, id\u00e9er som f\u00f6ddes, \u00e4kta kundvittnen mm.<br \/>\nEn Volvostory som kommer i n\u00e4rheten av Corporate Storytelling skulle kunna vara den om kvinnorna som designade den nya lilla C-Volvon efter n\u00e5got som kanske skulle kunna kallas ett kvinnligt koncept och kvinnors behov.<br \/>\nS\u00e5 vitt jag kan se har Volvo Personvagnar mycket kvar att g\u00f6ra om de ut\u00f6ver reklamsagorna vill anv\u00e4nda ocks\u00e5 redskapet Corporate Storytelling som det beskrivs p\u00e5 denna sida och i den litteratur som jag l\u00e4ser och skriver.<br \/>\nJag ser fram mot det.<br \/>\nF\u00f6rresten ber\u00e4ttade vice ordf\u00f6randen i Stockholms Handelskammare, Anders Lundwall, om hur handelskammeriet b\u00f6rjade p\u00e5 1500-talet i Marseilles. Handelsm\u00e4n samlades i sina b\u00e5tar och diskuterade hur de skulle hantera sin handel och utbyta sina respektive erfarenheter. Och hur de gemensamt skulle bygga relationer till fogdar och myndigheter f\u00f6r att f\u00e5 en fungerande frihandel.<br \/>\nDen ber\u00e4ttelsen fr\u00e5n verkligheten har fortfarande giltighet och ber\u00e4ttas \u00e4n i dag ocks\u00e5 p\u00e5 v\u00e5ra breddgrader f\u00f6r att g\u00f6ra id\u00e9n med handelskammeriet synlig f\u00f6r nutidsm\u00e4nniskan.<br \/>\nDet \u00e4r \u00e4kta Corporate Storytelling i ett \u00e4delt format. Historisk inl\u00e5nad ber\u00e4ttelse som visar v\u00e4rderingarna som burit organisationen genom \u00e5rhundraden och som ocks\u00e5 kan anv\u00e4ndas f\u00f6r att peka in i framtiden.<\/p>\n","protected":false},"excerpt":{"rendered":"<p>I g\u00e5r var jag i Uppsala hos Handelskammaren i Uppsala l\u00e4n, numera en del av Stockholms Handelskammare. Ett 30-tal personer fr\u00e5n Uppsalas n\u00e4ringsliv hade kommit till restauranten d\u00e4r vi tr\u00e4ffades. Vid diskussioner och..<\/p>\n","protected":false},"author":2,"featured_media":0,"comment_status":"open","ping_status":"closed","sticky":false,"template":"","format":"standard","meta":[],"categories":[2],"tags":[],"_links":{"self":[{"href":"https:\/\/storytellers.se\/index.php?rest_route=\/wp\/v2\/posts\/1592"}],"collection":[{"href":"https:\/\/storytellers.se\/index.php?rest_route=\/wp\/v2\/posts"}],"about":[{"href":"https:\/\/storytellers.se\/index.php?rest_route=\/wp\/v2\/types\/post"}],"author":[{"embeddable":true,"href":"https:\/\/storytellers.se\/index.php?rest_route=\/wp\/v2\/users\/2"}],"replies":[{"embeddable":true,"href":"https:\/\/storytellers.se\/index.php?rest_route=%2Fwp%2Fv2%2Fcomments&post=1592"}],"version-history":[{"count":0,"href":"https:\/\/storytellers.se\/index.php?rest_route=\/wp\/v2\/posts\/1592\/revisions"}],"wp:attachment":[{"href":"https:\/\/storytellers.se\/index.php?rest_route=%2Fwp%2Fv2%2Fmedia&parent=1592"}],"wp:term":[{"taxonomy":"category","embeddable":true,"href":"https:\/\/storytellers.se\/index.php?rest_route=%2Fwp%2Fv2%2Fcategories&post=1592"},{"taxonomy":"post_tag","embeddable":true,"href":"https:\/\/storytellers.se\/index.php?rest_route=%2Fwp%2Fv2%2Ftags&post=1592"}],"curies":[{"name":"wp","href":"https:\/\/api.w.org\/{rel}","templated":true}]}}