{"id":1586,"date":"2007-10-17T10:30:21","date_gmt":"2007-10-17T09:30:21","guid":{"rendered":"http:\/\/heijbel.wordpress.com\/2007\/10\/17\/sok-inte-artist"},"modified":"2007-10-17T10:30:21","modified_gmt":"2007-10-17T09:30:21","slug":"sok-inte-artist","status":"publish","type":"post","link":"https:\/\/storytellers.se\/?p=1586","title":{"rendered":"S\u00f6k inte artist"},"content":{"rendered":"<p>Fr\u00e5ga:<br \/>\nHur l\u00e4r man sig att ber\u00e4tta?<br \/>\nSvar:<br \/>\nDet \u00e4r inte sj\u00e4lva ber\u00e4ttandet som&#8230;<\/p>\n<p><!--more--><br \/>\n&#8230;\u00e4r det sv\u00e5ra i Corporate Storytelling. Alla m\u00e4nniskor kan ju ber\u00e4tta. Det g\u00f6r vi med v\u00e5ra v\u00e4nner, med v\u00e5r familj, med v\u00e5r arbetskamrater. Det \u00e4r ju, s\u00e5 att s\u00e4ga, sj\u00e4lva grundf\u00f6ruts\u00e4ttningen, n\u00e4stan definitionen i att vara m\u00e4nniska.<br \/>\nJag blir lite tveksam n\u00e4r jag h\u00f6r konstn\u00e4rer, artister och scenber\u00e4ttare s\u00e4ga att de kan hj\u00e4lpa f\u00f6retag med Corporate Storytelling. Jag har tr\u00e4ffat m\u00e4nniskor fr\u00e5n f\u00f6retag och organisationer som blivit besvikna n\u00e4r de anlitat scenber\u00e4ttare eftersom det blev n\u00e5got helt annat de hade t\u00e4nkt sig. De var inte ute efter att tr\u00e4nas i scenber\u00e4ttande.<br \/>\nDet viktigaste med Corporate Storytelling blir allts\u00e5 ing\u00e5ngsfr\u00e5gan om vilka ber\u00e4ttelser vi ska s\u00f6ka efter, sk\u00f6rda och s\u00e4tta i arbete. Detta kr\u00e4ver en strategisk kommunikationsdiskussion f\u00f6r f\u00f6retaget och organisationen.<br \/>\nSen ska ber\u00e4ttelsen f\u00f6rst\u00e5s rensas och bearbetas dramaturgiskt innan den b\u00f6rjar ber\u00e4ttas.<br \/>\nDet g\u00e4ller d\u00e4rf\u00f6r att den som ber\u00e4ttar tror p\u00e5 meningen med ber\u00e4ttelsen och tycker att den \u00e4r viktig. Annars blir det inte trov\u00e4rdigt. Trov\u00e4rdigheten handlar allts\u00e5 inte i f\u00f6rsta hand om hur man st\u00e5r, hur man andas eller hur man h\u00e5ller sina h\u00e4nder.<br \/>\nDet kan till och med vara s\u00e5 att en alltf\u00f6r drillad ber\u00e4ttare drar uppm\u00e4rksamheten fr\u00e5n storyn till sig sj\u00e4lv och av bara farten h\u00e4mmar andra att f\u00f6ra storyn vidare.<br \/>\nS\u00e5 det \u00e4r inte en artist du ska s\u00f6ka om du vill satsa p\u00e5 storytelling i ditt f\u00f6retag eller din organisation. Det \u00e4r en partner som l\u00e4st p\u00e5 din verksamhet och f\u00f6rst\u00e5r f\u00f6retagandets villkor. En som tillsammans med dig kan leta efter de ber\u00e4ttelser som ni har mest nytta av f\u00f6r att n\u00e5 framg\u00e5ng i organisationen och p\u00e5 marknaden.<br \/>\nKonstigare \u00e4r det inte.<\/p>\n","protected":false},"excerpt":{"rendered":"<p>Fr\u00e5ga: Hur l\u00e4r man sig att ber\u00e4tta? Svar: Det \u00e4r inte sj\u00e4lva ber\u00e4ttandet som&#8230;<\/p>\n","protected":false},"author":2,"featured_media":0,"comment_status":"open","ping_status":"closed","sticky":false,"template":"","format":"standard","meta":[],"categories":[6],"tags":[],"_links":{"self":[{"href":"https:\/\/storytellers.se\/index.php?rest_route=\/wp\/v2\/posts\/1586"}],"collection":[{"href":"https:\/\/storytellers.se\/index.php?rest_route=\/wp\/v2\/posts"}],"about":[{"href":"https:\/\/storytellers.se\/index.php?rest_route=\/wp\/v2\/types\/post"}],"author":[{"embeddable":true,"href":"https:\/\/storytellers.se\/index.php?rest_route=\/wp\/v2\/users\/2"}],"replies":[{"embeddable":true,"href":"https:\/\/storytellers.se\/index.php?rest_route=%2Fwp%2Fv2%2Fcomments&post=1586"}],"version-history":[{"count":0,"href":"https:\/\/storytellers.se\/index.php?rest_route=\/wp\/v2\/posts\/1586\/revisions"}],"wp:attachment":[{"href":"https:\/\/storytellers.se\/index.php?rest_route=%2Fwp%2Fv2%2Fmedia&parent=1586"}],"wp:term":[{"taxonomy":"category","embeddable":true,"href":"https:\/\/storytellers.se\/index.php?rest_route=%2Fwp%2Fv2%2Fcategories&post=1586"},{"taxonomy":"post_tag","embeddable":true,"href":"https:\/\/storytellers.se\/index.php?rest_route=%2Fwp%2Fv2%2Ftags&post=1586"}],"curies":[{"name":"wp","href":"https:\/\/api.w.org\/{rel}","templated":true}]}}