{"id":1582,"date":"2007-10-16T09:47:47","date_gmt":"2007-10-16T08:47:47","guid":{"rendered":"http:\/\/heijbel.wordpress.com\/2007\/10\/16\/i-forandringsarbetet"},"modified":"2007-10-16T09:47:47","modified_gmt":"2007-10-16T08:47:47","slug":"i-forandringsarbetet","status":"publish","type":"post","link":"https:\/\/storytellers.se\/?p=1582","title":{"rendered":"I f\u00f6r\u00e4ndringsarbetet"},"content":{"rendered":"<p>N\u00e4r jag i f\u00f6rra veckan tr\u00e4ffade Pfizer p\u00e5 ett av deras chefsseminarier fick jag insyn i flera av de nya utmaningar som l\u00e4kemedelsindustrin st\u00e5r inf\u00f6r i Sverige med nya regelverk och nya former av kommunikation.  De st\u00e5r mitt i..<\/p>\n<p><!--more--><br \/>\n&#8230;en f\u00f6r\u00e4ndringsfas d\u00e4r de ska arbeta p\u00e5 ett annat s\u00e4tt \u00e4n tidigare.<br \/>\nDetta ledde f\u00f6rst\u00e5s till diskussioner om hur man kan anv\u00e4nda storytelling f\u00f6r att f\u00e5 syn p\u00e5 och implementera nya arbetss\u00e4tt och f\u00f6r att visa hur de nya relationerna kan se ut.<br \/>\nJag kallar detta f\u00f6r Storytelling i F\u00f6r\u00e4ndringsprocessen och det \u00e4r ett av de vanligaste angreppss\u00e4tten n\u00e4r man l\u00e4ser internationell litteratur om Storytelling i Organisationer.<br \/>\nBer\u00e4ttelser kan g\u00f6ra en t\u00e4nkbar framtid synlig och m\u00f6jlig att bygga.<br \/>\nGenom att visa tidiga exempel p\u00e5 ett annat s\u00e4tt att vara och arbeta kan olika m\u00e4nniskor i organisationen, hos kunderna och hos andra intressenter f\u00e5 en gemensam bild av framtiden. Detta oavsett \u00e5lder, k\u00f6n, utbildning och etnicitet.<br \/>\nBer\u00e4ttelser talar, om de \u00e4r valda med omsorg, sitt eget spr\u00e5k och g\u00f6r det m\u00f6jligt att f\u00e5 en annan verklighet att bli synlig och kanske till och med uppenbar.<br \/>\nOfta kan storytellingmetoden allts\u00e5 vara en bra komplettering till pilar, boxar och olika processade och d\u00e5ligt \u00f6versatta managementuttryck. Ibland kan metoden till och med vara \u00f6verl\u00e4gsen i sin uppenbara klarhet.<br \/>\nDet \u00e4r s\u00e5dant man kan f\u00e5 uppleva om man anv\u00e4nder sig av Corporate Storytelling i f\u00f6r\u00e4ndringsprocesser.<br \/>\n.<\/p>\n","protected":false},"excerpt":{"rendered":"<p>N\u00e4r jag i f\u00f6rra veckan tr\u00e4ffade Pfizer p\u00e5 ett av deras chefsseminarier fick jag insyn i flera av de nya utmaningar som l\u00e4kemedelsindustrin st\u00e5r inf\u00f6r i Sverige med nya regelverk och nya former av kommunikation. De st\u00e5r mitt i..<\/p>\n","protected":false},"author":2,"featured_media":0,"comment_status":"open","ping_status":"closed","sticky":false,"template":"","format":"standard","meta":[],"categories":[2],"tags":[],"_links":{"self":[{"href":"https:\/\/storytellers.se\/index.php?rest_route=\/wp\/v2\/posts\/1582"}],"collection":[{"href":"https:\/\/storytellers.se\/index.php?rest_route=\/wp\/v2\/posts"}],"about":[{"href":"https:\/\/storytellers.se\/index.php?rest_route=\/wp\/v2\/types\/post"}],"author":[{"embeddable":true,"href":"https:\/\/storytellers.se\/index.php?rest_route=\/wp\/v2\/users\/2"}],"replies":[{"embeddable":true,"href":"https:\/\/storytellers.se\/index.php?rest_route=%2Fwp%2Fv2%2Fcomments&post=1582"}],"version-history":[{"count":0,"href":"https:\/\/storytellers.se\/index.php?rest_route=\/wp\/v2\/posts\/1582\/revisions"}],"wp:attachment":[{"href":"https:\/\/storytellers.se\/index.php?rest_route=%2Fwp%2Fv2%2Fmedia&parent=1582"}],"wp:term":[{"taxonomy":"category","embeddable":true,"href":"https:\/\/storytellers.se\/index.php?rest_route=%2Fwp%2Fv2%2Fcategories&post=1582"},{"taxonomy":"post_tag","embeddable":true,"href":"https:\/\/storytellers.se\/index.php?rest_route=%2Fwp%2Fv2%2Ftags&post=1582"}],"curies":[{"name":"wp","href":"https:\/\/api.w.org\/{rel}","templated":true}]}}