{"id":1580,"date":"2007-10-15T16:55:49","date_gmt":"2007-10-15T15:55:49","guid":{"rendered":"http:\/\/heijbel.wordpress.com\/2007\/10\/15\/fullbokat-hos-annonsorerna"},"modified":"2007-10-15T16:55:49","modified_gmt":"2007-10-15T15:55:49","slug":"fullbokat-hos-annonsorerna","status":"publish","type":"post","link":"https:\/\/storytellers.se\/?p=1580","title":{"rendered":"Fullbokat hos Annons\u00f6rerna"},"content":{"rendered":"<p>Mitt frukostseminarium hos Sveriges Annons\u00f6rer den 6 november \u00e4r gl\u00e4djande nog sedan l\u00e4nge fullbokat. Vi har d\u00e4rf\u00f6r kommit \u00f6verens om en ny storyfrukost den 12 februari 2008. Se vidare hos <a href=\"http:\/\/www.annons.se\/\">Sveriges Annons\u00f6rer<\/a>.<\/p>\n","protected":false},"excerpt":{"rendered":"<p>Mitt frukostseminarium hos Sveriges Annons\u00f6rer den 6 november \u00e4r gl\u00e4djande nog sedan l\u00e4nge fullbokat. Vi har d\u00e4rf\u00f6r kommit \u00f6verens om en ny storyfrukost den 12 februari 2008. Se vidare hos Sveriges Annons\u00f6rer.<\/p>\n","protected":false},"author":2,"featured_media":0,"comment_status":"open","ping_status":"closed","sticky":false,"template":"","format":"standard","meta":[],"categories":[9],"tags":[],"_links":{"self":[{"href":"https:\/\/storytellers.se\/index.php?rest_route=\/wp\/v2\/posts\/1580"}],"collection":[{"href":"https:\/\/storytellers.se\/index.php?rest_route=\/wp\/v2\/posts"}],"about":[{"href":"https:\/\/storytellers.se\/index.php?rest_route=\/wp\/v2\/types\/post"}],"author":[{"embeddable":true,"href":"https:\/\/storytellers.se\/index.php?rest_route=\/wp\/v2\/users\/2"}],"replies":[{"embeddable":true,"href":"https:\/\/storytellers.se\/index.php?rest_route=%2Fwp%2Fv2%2Fcomments&post=1580"}],"version-history":[{"count":0,"href":"https:\/\/storytellers.se\/index.php?rest_route=\/wp\/v2\/posts\/1580\/revisions"}],"wp:attachment":[{"href":"https:\/\/storytellers.se\/index.php?rest_route=%2Fwp%2Fv2%2Fmedia&parent=1580"}],"wp:term":[{"taxonomy":"category","embeddable":true,"href":"https:\/\/storytellers.se\/index.php?rest_route=%2Fwp%2Fv2%2Fcategories&post=1580"},{"taxonomy":"post_tag","embeddable":true,"href":"https:\/\/storytellers.se\/index.php?rest_route=%2Fwp%2Fv2%2Ftags&post=1580"}],"curies":[{"name":"wp","href":"https:\/\/api.w.org\/{rel}","templated":true}]}}