{"id":1572,"date":"2007-09-29T18:16:10","date_gmt":"2007-09-29T17:16:10","guid":{"rendered":"http:\/\/heijbel.wordpress.com\/2007\/09\/29\/ska-det-vara-muntligt"},"modified":"2007-09-29T18:16:10","modified_gmt":"2007-09-29T17:16:10","slug":"ska-det-vara-muntligt","status":"publish","type":"post","link":"https:\/\/storytellers.se\/?p=1572","title":{"rendered":"Ska det vara muntligt?"},"content":{"rendered":"<p>Fr\u00e5ga:<br \/>\nSka det vara muntligt eller skriftligt n\u00e4r man anv\u00e4nder storytelling i sitt f\u00f6retag?<br \/>\nSvar:<br \/>\nDet \u00e4r f\u00f6rst\u00e5s v\u00e4ldigt starkt om det \u00e4r muntligt. Att ber\u00e4ttandet ing\u00e5r i det vardagliga&#8230;<\/p>\n<p><!--more--><br \/>\n&#8230;samtalet.<br \/>\nMen p\u00e5 v\u00e4gen till en muntlig f\u00f6retagsfolklore kan man mycket v\u00e4l mellanlagra ber\u00e4ttelserna p\u00e5 papper och intran\u00e4t. Det litter\u00e4ra och det s\u00e5 kallade folkliga muntliga ber\u00e4ttararvet har levt sida vid sida och bekr\u00e4ftat varandra genom \u00e5rhundradena.<br \/>\nSelma Lagerl\u00f6f, till exempel, h\u00e4mtade mycket av sitt material fr\u00e5n s\u00e5 kallad folklig ber\u00e4ttartradition.<br \/>\nJag, som Corporate Storyteller, tycker att de ber\u00e4ttelser som finns i f\u00f6retag och organisationer \u00e4r precis lika intressanta som de litter\u00e4ra. Allts\u00e5 precis lika fina som de Selma en g\u00e5ng byggde sin litteratur p\u00e5.<br \/>\nDet folkliga var en g\u00e5ng muntligt och blev skriftligt.<br \/>\nI f\u00f6retag och organisationer vill vi p\u00e5verka snacket om oss. Snacket \u00e4r muntligt. D\u00e5 lyssnar vi in det verkliga ber\u00e4ttandet och de verkliga storisarna. Sen sk\u00f6rdar och lagrar vi dem p\u00e5 papper eller intra- eller internet.<br \/>\nMen fr\u00e5gan om det ska vara muntligt besvaras d\u00e4rmed med att det f\u00f6rst\u00e5s \u00e4r bra om snacket g\u00e5r och om chefer och andra medarbetare anv\u00e4nder ber\u00e4ttelserna. Det vill vi \u00e5stadkomma med Corporate Storytelling.<\/p>\n","protected":false},"excerpt":{"rendered":"<p>Fr\u00e5ga: Ska det vara muntligt eller skriftligt n\u00e4r man anv\u00e4nder storytelling i sitt f\u00f6retag? Svar: Det \u00e4r f\u00f6rst\u00e5s v\u00e4ldigt starkt om det \u00e4r muntligt. Att ber\u00e4ttandet ing\u00e5r i det vardagliga&#8230;<\/p>\n","protected":false},"author":2,"featured_media":0,"comment_status":"open","ping_status":"closed","sticky":false,"template":"","format":"standard","meta":[],"categories":[6],"tags":[],"_links":{"self":[{"href":"https:\/\/storytellers.se\/index.php?rest_route=\/wp\/v2\/posts\/1572"}],"collection":[{"href":"https:\/\/storytellers.se\/index.php?rest_route=\/wp\/v2\/posts"}],"about":[{"href":"https:\/\/storytellers.se\/index.php?rest_route=\/wp\/v2\/types\/post"}],"author":[{"embeddable":true,"href":"https:\/\/storytellers.se\/index.php?rest_route=\/wp\/v2\/users\/2"}],"replies":[{"embeddable":true,"href":"https:\/\/storytellers.se\/index.php?rest_route=%2Fwp%2Fv2%2Fcomments&post=1572"}],"version-history":[{"count":0,"href":"https:\/\/storytellers.se\/index.php?rest_route=\/wp\/v2\/posts\/1572\/revisions"}],"wp:attachment":[{"href":"https:\/\/storytellers.se\/index.php?rest_route=%2Fwp%2Fv2%2Fmedia&parent=1572"}],"wp:term":[{"taxonomy":"category","embeddable":true,"href":"https:\/\/storytellers.se\/index.php?rest_route=%2Fwp%2Fv2%2Fcategories&post=1572"},{"taxonomy":"post_tag","embeddable":true,"href":"https:\/\/storytellers.se\/index.php?rest_route=%2Fwp%2Fv2%2Ftags&post=1572"}],"curies":[{"name":"wp","href":"https:\/\/api.w.org\/{rel}","templated":true}]}}