{"id":1568,"date":"2007-09-27T17:01:36","date_gmt":"2007-09-27T16:01:36","guid":{"rendered":"http:\/\/heijbel.wordpress.com\/2007\/09\/27\/hos-lansstyrelsen-i-stockholm"},"modified":"2007-09-27T17:01:36","modified_gmt":"2007-09-27T16:01:36","slug":"hos-lansstyrelsen-i-stockholm","status":"publish","type":"post","link":"https:\/\/storytellers.se\/?p=1568","title":{"rendered":"Hos l\u00e4nsstyrelsen i Stockholm"},"content":{"rendered":"<p>I dag har jag tr\u00e4ffat cirka 25 medarbetare fr\u00e5n L\u00e4nsstyrelsen i Stockholms l\u00e4n. De arbetar bl a med regional utveckling och vi diskuterade och provade hur storytelling kan g\u00f6ra deras verksamhet och deras kompetens mer synlig med hj\u00e4lp av ber\u00e4ttelser.<\/p>\n","protected":false},"excerpt":{"rendered":"<p>I dag har jag tr\u00e4ffat cirka 25 medarbetare fr\u00e5n L\u00e4nsstyrelsen i Stockholms l\u00e4n. De arbetar bl a med regional utveckling och vi diskuterade och provade hur storytelling kan g\u00f6ra deras verksamhet och deras kompetens mer synlig med hj\u00e4lp av ber\u00e4ttelser.<\/p>\n","protected":false},"author":2,"featured_media":0,"comment_status":"open","ping_status":"closed","sticky":false,"template":"","format":"standard","meta":[],"categories":[2],"tags":[],"_links":{"self":[{"href":"https:\/\/storytellers.se\/index.php?rest_route=\/wp\/v2\/posts\/1568"}],"collection":[{"href":"https:\/\/storytellers.se\/index.php?rest_route=\/wp\/v2\/posts"}],"about":[{"href":"https:\/\/storytellers.se\/index.php?rest_route=\/wp\/v2\/types\/post"}],"author":[{"embeddable":true,"href":"https:\/\/storytellers.se\/index.php?rest_route=\/wp\/v2\/users\/2"}],"replies":[{"embeddable":true,"href":"https:\/\/storytellers.se\/index.php?rest_route=%2Fwp%2Fv2%2Fcomments&post=1568"}],"version-history":[{"count":0,"href":"https:\/\/storytellers.se\/index.php?rest_route=\/wp\/v2\/posts\/1568\/revisions"}],"wp:attachment":[{"href":"https:\/\/storytellers.se\/index.php?rest_route=%2Fwp%2Fv2%2Fmedia&parent=1568"}],"wp:term":[{"taxonomy":"category","embeddable":true,"href":"https:\/\/storytellers.se\/index.php?rest_route=%2Fwp%2Fv2%2Fcategories&post=1568"},{"taxonomy":"post_tag","embeddable":true,"href":"https:\/\/storytellers.se\/index.php?rest_route=%2Fwp%2Fv2%2Ftags&post=1568"}],"curies":[{"name":"wp","href":"https:\/\/api.w.org\/{rel}","templated":true}]}}