{"id":1566,"date":"2007-09-26T16:13:34","date_gmt":"2007-09-26T15:13:34","guid":{"rendered":"http:\/\/heijbel.wordpress.com\/2007\/09\/26\/stories-for-saljare"},"modified":"2007-09-26T16:13:34","modified_gmt":"2007-09-26T15:13:34","slug":"stories-for-saljare","status":"publish","type":"post","link":"https:\/\/storytellers.se\/?p=1566","title":{"rendered":"Stories f\u00f6r s\u00e4ljare"},"content":{"rendered":"<p>Jag har nu \u00e5kt p\u00e5 n\u00e5got av en turn\u00e9 i de tre storstadsregionerna och h\u00e5llit seminarier f\u00f6r s\u00e4ljchefer och s\u00e4ljansvariga. Det hela har arrangerats av&#8230;<\/p>\n<p><!--more--><br \/>\n&#8230;<a href=\"http:\/\/80.65.199.46\/www.selldorado.se\/\">Selldorado<\/a>.<br \/>\nSelldorado bygger n\u00e4tverk f\u00f6r s\u00e4ljchefer och erbjuder de b\u00e4sta och viktigaste f\u00f6rel\u00e4sarna just nu f\u00f6r just s\u00e4ljfolket. S\u00e5 det var en \u00e4ra f\u00f6r mig att f\u00e5 vara med p\u00e5 denna turn\u00e9 d\u00e4r jag tr\u00e4ffat ca 500 s\u00e4ljchefer p\u00e5 en dryg m\u00e5nad.<br \/>\nSelldoradopedgogiken bygger p\u00e5 snabba v\u00e4xlingar mellan f\u00f6rel\u00e4sning och diskussion och en upprepad rotation mellan borden s\u00e5 att alla n\u00e4tverkare f\u00e5r tr\u00e4ffa s\u00e5 m\u00e5nga kollegor som m\u00f6jligt fr\u00e5n andra f\u00f6retag och branscher.<br \/>\nOch det visar sig exempelvis att en \u00e4gare av ett konditori med 15 anst\u00e4llda har mkt att diskutera med en s\u00e4ljansvarig inom pulp and paper. Det \u00e4r sp\u00e4nnande m\u00f6ten.<br \/>\nMitt halvdagspass slutade varje g\u00e5ng med att deltagarna sj\u00e4lva ber\u00e4ttade stories som de brukar anv\u00e4nda eller skulle kunna anv\u00e4nda n\u00e4r de adderar v\u00e4rden till sina varor och tj\u00e4nster.<br \/>\nAv kursv\u00e4rderingarna att d\u00f6ma \u00e4r storytelling superintressant som verktyg och erfarenhetsspridare i s\u00e4ljorganisationer. Ber\u00e4ttelserna kan exempelvis l\u00e4gga till v\u00e4rden som grundarperspektiv, n\u00f6jd-kundperspektiv och visioner om framtiden.<br \/>\nDet visar sig att familjef\u00f6retag ofta har just grundarber\u00e4ttelser och ber\u00e4ttelser om organisationens speciella v\u00e4rderingar och anda och att gamla f\u00f6retag inom exempelvis skog och papper har gott om f\u00f6retagshistoriska ber\u00e4ttelser.<br \/>\nMen vi enades vid diskussionerna ocks\u00e5 om att organisationsber\u00e4ttelser f\u00f6rst\u00e5s finns i alla organisationer \u00e4ven om ber\u00e4ttelserna inte alltid \u00e4r lika uppenbara och sj\u00e4lvklart ned\u00e4rvda som i exempelvis familjef\u00f6retagen.<br \/>\nEn sak blir ocks\u00e5 uppenbar. De b\u00e4sta s\u00e4ljarna \u00e4r ofta just helt naturliga storytellers.<\/p>\n","protected":false},"excerpt":{"rendered":"<p>Jag har nu \u00e5kt p\u00e5 n\u00e5got av en turn\u00e9 i de tre storstadsregionerna och h\u00e5llit seminarier f\u00f6r s\u00e4ljchefer och s\u00e4ljansvariga. Det hela har arrangerats av&#8230;<\/p>\n","protected":false},"author":2,"featured_media":0,"comment_status":"open","ping_status":"closed","sticky":false,"template":"","format":"standard","meta":[],"categories":[2],"tags":[],"_links":{"self":[{"href":"https:\/\/storytellers.se\/index.php?rest_route=\/wp\/v2\/posts\/1566"}],"collection":[{"href":"https:\/\/storytellers.se\/index.php?rest_route=\/wp\/v2\/posts"}],"about":[{"href":"https:\/\/storytellers.se\/index.php?rest_route=\/wp\/v2\/types\/post"}],"author":[{"embeddable":true,"href":"https:\/\/storytellers.se\/index.php?rest_route=\/wp\/v2\/users\/2"}],"replies":[{"embeddable":true,"href":"https:\/\/storytellers.se\/index.php?rest_route=%2Fwp%2Fv2%2Fcomments&post=1566"}],"version-history":[{"count":0,"href":"https:\/\/storytellers.se\/index.php?rest_route=\/wp\/v2\/posts\/1566\/revisions"}],"wp:attachment":[{"href":"https:\/\/storytellers.se\/index.php?rest_route=%2Fwp%2Fv2%2Fmedia&parent=1566"}],"wp:term":[{"taxonomy":"category","embeddable":true,"href":"https:\/\/storytellers.se\/index.php?rest_route=%2Fwp%2Fv2%2Fcategories&post=1566"},{"taxonomy":"post_tag","embeddable":true,"href":"https:\/\/storytellers.se\/index.php?rest_route=%2Fwp%2Fv2%2Ftags&post=1566"}],"curies":[{"name":"wp","href":"https:\/\/api.w.org\/{rel}","templated":true}]}}