{"id":1564,"date":"2007-09-24T10:04:07","date_gmt":"2007-09-24T09:04:07","guid":{"rendered":"http:\/\/heijbel.wordpress.com\/2007\/09\/24\/vasterbotten-satsar"},"modified":"2007-09-24T10:04:07","modified_gmt":"2007-09-24T09:04:07","slug":"vasterbotten-satsar","status":"publish","type":"post","link":"https:\/\/storytellers.se\/?p=1564","title":{"rendered":"V\u00e4sterbotten satsar"},"content":{"rendered":"<p>Marianne Folkedotter heter Sveriges f\u00f6rsta ber\u00e4ttarantikvarie. Anst\u00e4lld p\u00e5 V\u00e4sterbottens Museum ska hon, finansierad av Kulturr\u00e5det, i tre \u00e5r stimulera ber\u00e4ttaraktiviteter i l\u00e4nets femton kommuner. \u00c4ven Corporate Storytelling finns med i visionen.<\/p>\n","protected":false},"excerpt":{"rendered":"<p>Marianne Folkedotter heter Sveriges f\u00f6rsta ber\u00e4ttarantikvarie. Anst\u00e4lld p\u00e5 V\u00e4sterbottens Museum ska hon, finansierad av Kulturr\u00e5det, i tre \u00e5r stimulera ber\u00e4ttaraktiviteter i l\u00e4nets femton kommuner. \u00c4ven Corporate Storytelling finns med i visionen.<\/p>\n","protected":false},"author":2,"featured_media":0,"comment_status":"open","ping_status":"closed","sticky":false,"template":"","format":"standard","meta":[],"categories":[2],"tags":[],"_links":{"self":[{"href":"https:\/\/storytellers.se\/index.php?rest_route=\/wp\/v2\/posts\/1564"}],"collection":[{"href":"https:\/\/storytellers.se\/index.php?rest_route=\/wp\/v2\/posts"}],"about":[{"href":"https:\/\/storytellers.se\/index.php?rest_route=\/wp\/v2\/types\/post"}],"author":[{"embeddable":true,"href":"https:\/\/storytellers.se\/index.php?rest_route=\/wp\/v2\/users\/2"}],"replies":[{"embeddable":true,"href":"https:\/\/storytellers.se\/index.php?rest_route=%2Fwp%2Fv2%2Fcomments&post=1564"}],"version-history":[{"count":0,"href":"https:\/\/storytellers.se\/index.php?rest_route=\/wp\/v2\/posts\/1564\/revisions"}],"wp:attachment":[{"href":"https:\/\/storytellers.se\/index.php?rest_route=%2Fwp%2Fv2%2Fmedia&parent=1564"}],"wp:term":[{"taxonomy":"category","embeddable":true,"href":"https:\/\/storytellers.se\/index.php?rest_route=%2Fwp%2Fv2%2Fcategories&post=1564"},{"taxonomy":"post_tag","embeddable":true,"href":"https:\/\/storytellers.se\/index.php?rest_route=%2Fwp%2Fv2%2Ftags&post=1564"}],"curies":[{"name":"wp","href":"https:\/\/api.w.org\/{rel}","templated":true}]}}