{"id":1562,"date":"2007-09-21T18:23:59","date_gmt":"2007-09-21T17:23:59","guid":{"rendered":"http:\/\/heijbel.wordpress.com\/2007\/09\/21\/hos-malmo-kommun"},"modified":"2007-09-21T18:23:59","modified_gmt":"2007-09-21T17:23:59","slug":"hos-malmo-kommun","status":"publish","type":"post","link":"https:\/\/storytellers.se\/?p=1562","title":{"rendered":"Hos Malm\u00f6 kommun"},"content":{"rendered":"<p>I g\u00e5r tr\u00e4ffade jag ett 50-tal chefer inom Malm\u00f6 kommun. De satsar sen n\u00e5gra \u00e5r p\u00e5 att bygga en starkare servicekultur med kunden i centrum. Malm\u00f6cheferna tror att storytelling kan vara ett s\u00e4tt att g\u00f6ra denna servicekultur synlig. Min roll var att inspirera och ge exempel och tips p\u00e5 hur man g\u00f6r.<\/p>\n","protected":false},"excerpt":{"rendered":"<p>I g\u00e5r tr\u00e4ffade jag ett 50-tal chefer inom Malm\u00f6 kommun. De satsar sen n\u00e5gra \u00e5r p\u00e5 att bygga en starkare servicekultur med kunden i centrum. Malm\u00f6cheferna tror att storytelling kan vara ett s\u00e4tt att g\u00f6ra denna servicekultur synlig. Min roll var att inspirera och ge exempel och tips p\u00e5 hur man g\u00f6r.<\/p>\n","protected":false},"author":2,"featured_media":0,"comment_status":"open","ping_status":"closed","sticky":false,"template":"","format":"standard","meta":[],"categories":[2],"tags":[],"_links":{"self":[{"href":"https:\/\/storytellers.se\/index.php?rest_route=\/wp\/v2\/posts\/1562"}],"collection":[{"href":"https:\/\/storytellers.se\/index.php?rest_route=\/wp\/v2\/posts"}],"about":[{"href":"https:\/\/storytellers.se\/index.php?rest_route=\/wp\/v2\/types\/post"}],"author":[{"embeddable":true,"href":"https:\/\/storytellers.se\/index.php?rest_route=\/wp\/v2\/users\/2"}],"replies":[{"embeddable":true,"href":"https:\/\/storytellers.se\/index.php?rest_route=%2Fwp%2Fv2%2Fcomments&post=1562"}],"version-history":[{"count":0,"href":"https:\/\/storytellers.se\/index.php?rest_route=\/wp\/v2\/posts\/1562\/revisions"}],"wp:attachment":[{"href":"https:\/\/storytellers.se\/index.php?rest_route=%2Fwp%2Fv2%2Fmedia&parent=1562"}],"wp:term":[{"taxonomy":"category","embeddable":true,"href":"https:\/\/storytellers.se\/index.php?rest_route=%2Fwp%2Fv2%2Fcategories&post=1562"},{"taxonomy":"post_tag","embeddable":true,"href":"https:\/\/storytellers.se\/index.php?rest_route=%2Fwp%2Fv2%2Ftags&post=1562"}],"curies":[{"name":"wp","href":"https:\/\/api.w.org\/{rel}","templated":true}]}}