{"id":1548,"date":"2007-09-06T12:49:53","date_gmt":"2007-09-06T11:49:53","guid":{"rendered":"http:\/\/heijbel.wordpress.com\/2007\/09\/06\/inspiration-i-are"},"modified":"2007-09-06T12:49:53","modified_gmt":"2007-09-06T11:49:53","slug":"inspiration-i-are","status":"publish","type":"post","link":"https:\/\/storytellers.se\/?p=1548","title":{"rendered":"Inspiration i \u00c5re"},"content":{"rendered":"<p>Jag medverkar i V\u00e4rdskapets <a href=\"http:\/\/www.vardskapet.se\/vl.asp?s=264137E198604E6AAC939C7154F45945&amp;n=Matts\">Forum f\u00f6r V\u00e4rdskap<\/a> i \u00c5re 18-19 oktober. Det finns m\u00f6jlighet att <a href=\"http:\/\/www.vardskapet.se\/vl.asp?s=264137E198604E6AAC939C7154F45945&amp;n=Matts\">anm\u00e4la<\/a> sig och att l\u00e4sa programmet inf\u00f6r dessa inspirationsdagar kring v\u00e4rdskap och storytelling. Anm\u00e4l dig nu, snart \u00e4r det f\u00f6r sent.<\/p>\n","protected":false},"excerpt":{"rendered":"<p>Jag medverkar i V\u00e4rdskapets Forum f\u00f6r V\u00e4rdskap i \u00c5re 18-19 oktober. Det finns m\u00f6jlighet att anm\u00e4la sig och att l\u00e4sa programmet inf\u00f6r dessa inspirationsdagar kring v\u00e4rdskap och storytelling. Anm\u00e4l dig nu, snart \u00e4r det f\u00f6r sent.<\/p>\n","protected":false},"author":2,"featured_media":0,"comment_status":"open","ping_status":"closed","sticky":false,"template":"","format":"standard","meta":[],"categories":[9],"tags":[],"_links":{"self":[{"href":"https:\/\/storytellers.se\/index.php?rest_route=\/wp\/v2\/posts\/1548"}],"collection":[{"href":"https:\/\/storytellers.se\/index.php?rest_route=\/wp\/v2\/posts"}],"about":[{"href":"https:\/\/storytellers.se\/index.php?rest_route=\/wp\/v2\/types\/post"}],"author":[{"embeddable":true,"href":"https:\/\/storytellers.se\/index.php?rest_route=\/wp\/v2\/users\/2"}],"replies":[{"embeddable":true,"href":"https:\/\/storytellers.se\/index.php?rest_route=%2Fwp%2Fv2%2Fcomments&post=1548"}],"version-history":[{"count":0,"href":"https:\/\/storytellers.se\/index.php?rest_route=\/wp\/v2\/posts\/1548\/revisions"}],"wp:attachment":[{"href":"https:\/\/storytellers.se\/index.php?rest_route=%2Fwp%2Fv2%2Fmedia&parent=1548"}],"wp:term":[{"taxonomy":"category","embeddable":true,"href":"https:\/\/storytellers.se\/index.php?rest_route=%2Fwp%2Fv2%2Fcategories&post=1548"},{"taxonomy":"post_tag","embeddable":true,"href":"https:\/\/storytellers.se\/index.php?rest_route=%2Fwp%2Fv2%2Ftags&post=1548"}],"curies":[{"name":"wp","href":"https:\/\/api.w.org\/{rel}","templated":true}]}}