{"id":1546,"date":"2007-09-06T11:27:26","date_gmt":"2007-09-06T10:27:26","guid":{"rendered":"http:\/\/heijbel.wordpress.com\/2007\/09\/06\/jubileumsberattelser-i-bokform"},"modified":"2007-09-06T11:27:26","modified_gmt":"2007-09-06T10:27:26","slug":"jubileumsberattelser-i-bokform","status":"publish","type":"post","link":"https:\/\/storytellers.se\/?p=1546","title":{"rendered":"Jubileumsber\u00e4ttelser i bokform"},"content":{"rendered":"<p>I november 2006 lyssnade VD:n och koncernchefen f\u00f6r <a href=\"http:\/\/www.perssoninvest.se\/\">Persson Invest<\/a>, Bob Persson, p\u00e5 ett seminarium som jag h\u00f6ll i \u00d6stersund. Det st\u00e4rkte id\u00e9n hos honom och f\u00f6retaget att ta fram en storybok fylld med medarbetaranekdoter inf\u00f6r koncernens 75-\u00e5rsjubileum som ska firas snart. Mattias Warg har nu skrivit boken och jag har f\u00e5tt en f\u00f6rhandstitt. Den boken \u00e4r&#8230;<\/p>\n<p><!--more--><br \/>\n&#8230;rolig att l\u00e4sa och ett utm\u00e4rkt exempel p\u00e5 hur man kan samla stories inom p\u00e4rmar. I slutet manar Mattias Warg medarbetarna att forts\u00e4tta att leverera ber\u00e4ttelser.<br \/>\nH\u00e4ndelser blir ber\u00e4ttelser som b\u00e4r vittnesm\u00e5l om erfarenheterna bakom firmanamnet, s\u00e4ger Mattias Warg.<br \/>\nTanken \u00e4r att det ska kunna bli ett l\u00f6pande s\u00e4tt att kommunicera fram\u00f6ver f\u00f6r koncernen som helhet och f\u00f6r f\u00f6retagen i koncernen som har sammanlagt tusen anst\u00e4llda fr\u00e5n Mo i Rana i norr till K\u00f6ping i s\u00f6der och med sj\u00e4lva navet i J\u00e4mtland.<br \/>\nJag tror att han kommer att f\u00e5 in nya stories. Det \u00e4r annars inte s\u00e5 enkelt att man bara ber personalen om ber\u00e4ttelser. Man m\u00e5ste f\u00f6rst visa hur det kan l\u00e5ta och det \u00e4r precis vad Mattias Warg g\u00f6r i boken efter sitt grundliga sk\u00f6rdearbete hittills.<br \/>\nJag tycker att jag k\u00e4nner Persson Invest efter det h\u00e4r.<br \/>\nJag har l\u00e4st om hur de r\u00e4ddade tre fj\u00e4lluggleungar undan elden vid en planerad naturv\u00e5rdsbr\u00e4nning i skogen. Ugglorna hittade de av en slump n\u00e4r elden redan var ig\u00e5ng. De hade bland annat en vattenbombande helikopter och tv\u00e5 slangm\u00e4n till hj\u00e4lp f\u00f6r att r\u00e4dda ungarna. Det kanske inte gick att motivera rent f\u00f6retagsekonomiskt men vi handlade efter k\u00e4nsla, ber\u00e4ttar skogschefen i koncernen, Hans Lantz.<br \/>\nStark story men d\u00e5 m\u00e5ste den ber\u00e4ttas.<br \/>\nJag har l\u00e4st om leveransen av sn\u00f6skotrar till indiska arm\u00e9n som kr\u00e4vde en systemkamera som extrabonus och jag har l\u00e4st storyn om hur en jakthundsvalp avgjorde en bussaff\u00e4r med en kund fr\u00e5n Norrbotten. Bussk\u00f6paren hade just f\u00f6rlorat sin egen jakthund och beh\u00f6vde en ny valp vilket blev den f\u00f6rl\u00f6sande faktorn i bussaff\u00e4ren.<br \/>\nEtt femtontal anekdotiska bilder ger mig en starkt sympatisk och anekdotisk bild av Persson Invest trots att jag inte jobbar d\u00e4r. Bilder som inte kommer att l\u00e4mna mitt emotionella minne. Jag \u00e4r \u00f6vertygad om att medarbetarna, som \u00e4r den prim\u00e4ra m\u00e5lruppen, kommer att l\u00e4sa den med gl\u00e4dje och stolthet.<br \/>\nEn storybok \u00e4r n\u00e5got annat \u00e4n en historie- eller jubileumsbok i vanlig mening, som de brukar se ut. Kommunikationsformen \u00e4r i storyboken mer baserad p\u00e5 h\u00e4ndelser som speglar kultur och v\u00e4rderingar \u00e4n p\u00e5 vanliga historiska reportage. Storyboken kr\u00e4ver lite fingertoppsk\u00e4nsla och strategiskt t\u00e4nkande f\u00f6r att inte tala om att den kr\u00e4ver en id\u00e9 om hur man f\u00f6rpackar ber\u00e4ttelserna rent dramaturgiskt.<br \/>\nDet finns m\u00e5nga b\u00f6cker som jag f\u00e5tt se d\u00e4r skribenterna tycker att de gjort storytelling men d\u00e4r jag tycker de skrivit vilken journalistprodukt eller hyllningssaga som helst.<br \/>\nIst\u00e4llet f\u00f6r kronologiskt presenterade siffror och detaljer sida upp och sida ner levererar en storybok en rad skisser och mentala bilder som siktar mer p\u00e5 den emotionella upplevelsen \u00e4n den faktuella.<br \/>\nDet faktuella finns ju \u00e4nd\u00e5 presenterat i \u00e5rsredovisning och konventionell organisationsbeskrivning p\u00e5 webben eller i f\u00f6retagspresentationen och f\u00f6rst\u00e5s i powerpointeriet..<br \/>\nVill du diskutera ett storyboksprojekt f\u00f6r ditt f\u00f6retag eller din organisation s\u00e5 kan du kontakta mig p\u00e5 storybok@storytellers.se<\/p>\n","protected":false},"excerpt":{"rendered":"<p>I november 2006 lyssnade VD:n och koncernchefen f\u00f6r Persson Invest, Bob Persson, p\u00e5 ett seminarium som jag h\u00f6ll i \u00d6stersund. Det st\u00e4rkte id\u00e9n hos honom och f\u00f6retaget att ta fram en storybok fylld med medarbetaranekdoter inf\u00f6r koncernens 75-\u00e5rsjubileum som ska firas snart. Mattias Warg har nu skrivit boken och jag har f\u00e5tt en f\u00f6rhandstitt. Den&#8230;<\/p>\n","protected":false},"author":2,"featured_media":0,"comment_status":"open","ping_status":"closed","sticky":false,"template":"","format":"standard","meta":[],"categories":[4],"tags":[],"_links":{"self":[{"href":"https:\/\/storytellers.se\/index.php?rest_route=\/wp\/v2\/posts\/1546"}],"collection":[{"href":"https:\/\/storytellers.se\/index.php?rest_route=\/wp\/v2\/posts"}],"about":[{"href":"https:\/\/storytellers.se\/index.php?rest_route=\/wp\/v2\/types\/post"}],"author":[{"embeddable":true,"href":"https:\/\/storytellers.se\/index.php?rest_route=\/wp\/v2\/users\/2"}],"replies":[{"embeddable":true,"href":"https:\/\/storytellers.se\/index.php?rest_route=%2Fwp%2Fv2%2Fcomments&post=1546"}],"version-history":[{"count":0,"href":"https:\/\/storytellers.se\/index.php?rest_route=\/wp\/v2\/posts\/1546\/revisions"}],"wp:attachment":[{"href":"https:\/\/storytellers.se\/index.php?rest_route=%2Fwp%2Fv2%2Fmedia&parent=1546"}],"wp:term":[{"taxonomy":"category","embeddable":true,"href":"https:\/\/storytellers.se\/index.php?rest_route=%2Fwp%2Fv2%2Fcategories&post=1546"},{"taxonomy":"post_tag","embeddable":true,"href":"https:\/\/storytellers.se\/index.php?rest_route=%2Fwp%2Fv2%2Ftags&post=1546"}],"curies":[{"name":"wp","href":"https:\/\/api.w.org\/{rel}","templated":true}]}}