{"id":1538,"date":"2007-09-03T17:26:06","date_gmt":"2007-09-03T16:26:06","guid":{"rendered":"http:\/\/heijbel.wordpress.com\/2007\/09\/03\/nyhetsbrev-26-extas-i-almedalen"},"modified":"2007-09-03T17:26:06","modified_gmt":"2007-09-03T16:26:06","slug":"nyhetsbrev-26-extas-i-almedalen","status":"publish","type":"post","link":"https:\/\/storytellers.se\/?p=1538","title":{"rendered":"Nyhetsbrev 26: Extas i Almedalen"},"content":{"rendered":"<p>Idag har prenumeranterna f\u00e5tt nr 26 i serien Nyhetsbrev fr\u00e5n Storytellers.se. Det \u00e4r kostnadsfritt och du anm\u00e4ler sig som prenumerant h\u00e4r genom att scrolla i h\u00f6gerkanten p\u00e5 \u00f6ppningssidan av storytellers.se. Du kan l\u00e4sa det aktuella brevet genom att trycka p\u00e5 l\u00e4nken h\u00e4r under.<\/p>\n<p><!--more--><br \/>\nSv\u00e5rl\u00e4st? g\u00e5r till  http:\/\/storytellers.se<br \/>\nNyhetsbrev 26: Extas i Almedalen<br \/>\nHej Storyv\u00e4n<br \/>\nStoryh\u00f6sten har verkligen dragit ig\u00e5ng med en rasande fart. Sj\u00e4lv<br \/>\nhar jag, bara i augusti, haft tio dagar med f\u00f6rel\u00e4sningar och eller<br \/>\ninspelningar. Dessutom har jag startat distansutbildningen<br \/>\nStorytelling i organisationer p\u00e5 Berghs School of Communication.<br \/>\nN\u00e4sta startar i januari.<br \/>\nJag ska ber\u00e4tta lite om det liksom om diskussionerna om olika<br \/>\nsorters storytelling som var det b\u00e4rande temat i ett helt uppslag i<br \/>\ndet aktuella numret av Dagens Media \/ papperstidningen.<br \/>\nJag ska ber\u00e4tta om storyextasen i Almedalen f\u00f6r tio dagar sedan<br \/>\noch om hur v\u00e5rd- och omsorgsgivare lockas av Storytelling.<br \/>\nDessutom n\u00e5gra ord om Power Pointen som fyllt 20. \u00c4r PP<br \/>\nmyndig nu?<br \/>\n+++++++++++++++++++++++++++++++++++++++++++++<br \/>\nJag reser f\u00f6r n\u00e4rvarande runt i Selldorados regi och m\u00f6ter<br \/>\ns\u00e4ljansvariga i  G\u00f6teborg, Stockholm och Lund. Jag k\u00f6r flera varv<br \/>\neftersom inte alla kan komma vid samma tillf\u00e4lle.<br \/>\nN\u00e4r man talar med s\u00e4ljansvariga s\u00e5 \u00e4r det viktigaste temat att<br \/>\nhitta ber\u00e4ttelser som adderar v\u00e4rden till varan eller tj\u00e4nsten. Det<br \/>\nfinns exempel d\u00e4r priset kan \u00f6ka avsev\u00e4rt, kanske till och med<br \/>\nf\u00f6rdubblas med hj\u00e4lp av sanna ber\u00e4ttelser som kan l\u00e4ggas till de<br \/>\negentliga prestanda som man erbjuder.<br \/>\nMen d\u00e5 m\u00e5ste man in i organisationen och i intressenternas<br \/>\nerfarenheter och sk\u00f6rda ber\u00e4ttelserna innan man kan addera<br \/>\ndem som merv\u00e4rden. S\u00e5nt talar vi om p\u00e5 seminarierna.<br \/>\n+++++++++++++++++++++++++++++++++++++++++++++<br \/>\nJag har ocks\u00e5 arbetat med en film i sommar \u00e5t UL, Upplands<br \/>\nLokaltrafik. I ett slags David Attenboroughkoncept har vi s\u00f6kt<br \/>\nULs stories.<br \/>\nTillsammans med filmarna p\u00e5 Phosworks Digital Industries i<br \/>\nUppsala har vi steg f\u00f6r steg lekt fram en socialantropologisk<br \/>\nbeskrivning av det vi kallar UL-folket. Utg\u00e5ngspunkten \u00e4r att det<br \/>\n\u00e4r UL och dess entrepren\u00f6rer som f\u00e5r l\u00e4nstrafiken i Uppland att<br \/>\nfungera.<br \/>\nI vit linn\u00e9kostym s\u00f6ker jag efter UL-folket och visar deras folklore<br \/>\n(stories) inf\u00f6r ett stundande jubileum hos organisationen. Kul och<br \/>\nnytt. Ett s\u00e4tt att filmatisera Corporate Storytlling mer \u00e4n att bara<br \/>\nspela in ber\u00e4ttelser \u00e1 la Ikea Stories.<br \/>\n+++++++++++++++++++++++++++++++++++++++++++++<br \/>\nPappersupplagan av marknadsf\u00f6rings- och mediatidningen<br \/>\nDagens Media har i det aktuella numret, 14\/07 ett helt uppslag<br \/>\nom Storytelling.<br \/>\nI artikeln, som har cirka 20.000 potentiella l\u00e4sare, speglas och<br \/>\nbryts de tv\u00e5 dominerande perspektiven och de olika filosofierna.<br \/>\n\u00c5 ena sidan det perspektivet att en story \u00e4r lika bra vare sig den<br \/>\n\u00e4r sann eller inte. Det finns ingen anledning att prata om sanning<br \/>\noch verklighet.<br \/>\nD\u00e5 kan man skapa reklamsagor och g\u00f6ra installationer ungef\u00e4r<br \/>\nsom man vill bara det ger resultat. Ofta \u00e4r det ett fantastiskt s\u00e4tt<br \/>\natt skapa framg\u00e5ng f\u00f6r uppdragsgivaren.<br \/>\n\u00c5 andra sidan kommer d\u00e5 det perspektiv som jag representerar.<br \/>\nDet \u00e4r det syns\u00e4ttet som i litteraturen brukar kallas Corporate<br \/>\nStorytelling, Storytelling in Organizations eller Business<br \/>\nNarratives.<br \/>\nJag arbetar med det och min webbplats http:\/\/storytellers.se<br \/>\nhandlar envist om detta perspektiv som inneb\u00e4r att man letar upp<br \/>\noch sk\u00f6rdar de verkliga ber\u00e4ttelser som b\u00e4rs fram av<br \/>\nf\u00f6retagskulturen och och st\u00e4rker organisationen.<br \/>\nInte b\u00e4ttre, inte s\u00e4mre. Men olika perspektiv. Det \u00e4r bara att<br \/>\nv\u00e4lja.<br \/>\nVarf\u00f6r ska man hitta p\u00e5 n\u00e4r allt bara ligger och ropar p\u00e5 att bli<br \/>\nfunnet och sk\u00f6rdat och satt i arbete f\u00f6r organisationens och<br \/>\nvarum\u00e4rkets b\u00e4sta, m\u00e4ssar jag.<br \/>\n+++++++++++++++++++++++++++++++++++++++++++++<br \/>\nF\u00f6r tio dagar sen var jag med om en verklig storyextas i<br \/>\nAlmedalen i Visby. Det var de s\u00e5 kallade Lindebergsdagarna d\u00e5<br \/>\nLindebergs Grant Thornton, en revisions, redovisnings- och<br \/>\nkonsultbyr\u00e5 med 33 kontor i Sverige, tr\u00e4ffades.<br \/>\nDagarna handlade mycket om motivation och sj\u00e4lvbild med bland<br \/>\nandra J\u00f6rgen Oom och Kay Pollak. Sen kr\u00f6ntes det hela med en<br \/>\neftermiddag i Corporate Storytellingens tecken som jag<br \/>\nansvarade f\u00f6r.<br \/>\nDet var fantastiskt att se ungef\u00e4r 650 personer sitta p\u00e5 hundra<br \/>\nfiltar i Almedalen och sk\u00f6rda sin f\u00f6retagsfolklore. Ber\u00e4ttelserna<br \/>\noch teckningar till dem, samlades in. De ska nu sammanst\u00e4llas<br \/>\nf\u00f6r att bygga en repertoar m Lindebergs-Grant-Thornton-stories.<br \/>\n+++++++++++++++++++++++++++++++++++++++++++++<br \/>\nJag har p\u00e5 senare tid haft flera uppdrag fr\u00e5n b\u00e5de offentliga och<br \/>\nprivata v\u00e5rd- och omsorgsgivare. De har uppt\u00e4ckt att  de sanna<br \/>\nber\u00e4ttelserna om h\u00e4ndelser i deras verksamhet \u00e4r det vikigaste<br \/>\nde har f\u00f6r att g\u00f6ra sig synliga f\u00f6r dem som inte redan vet och<br \/>\nf\u00f6rst\u00e5r.<br \/>\nN\u00e4r jag var hos Socialf\u00f6rvaltningen i Botkyrka och f\u00f6rel\u00e4ste fick<br \/>\njag en betygss\u00e4ttning p\u00e5 9,2 av 10 m\u00f6jliga. S\u00e5 viktigt tyckte de<br \/>\nallts\u00e5 att det var att f\u00e5 tips och id\u00e9er om hur de kan s\u00f6ka och<br \/>\nsk\u00f6rda sina organisationsber\u00e4ttelser.<br \/>\n+++++++++++++++++++++++++++++++++++++++++++++<br \/>\nTill sist n\u00e5gra ord om PP som blivit myndig. Power Point har allts\u00e5<br \/>\nfyllt 20 \u00e5r. I bland brukar jag raljera och s\u00e4ga saker som: Power<br \/>\nPoint? What\u00b4s the point?<br \/>\nDet \u00e4r klart att Power Point kan vara ett alldeles utm\u00e4rkt s\u00e4tt i<br \/>\ntraditionen fr\u00e5n Flanellograf, Svart tavla, White board och Over<br \/>\nHead.<br \/>\nProblemet \u00e4r, vilket ocks\u00e5 skaparna av PP konstaterade i<br \/>\nsamband med 20-\u00e5rsdagen, att powerpointarna ofta smiter fr\u00e5n<br \/>\nen dokumentation och ist\u00e4llet g\u00f6r en ytlig punktad presentation.<br \/>\nD\u00e5 har inte PP f\u00e5tt visa sina starkare sidor.<br \/>\nJag sj\u00e4lv brukar inte anv\u00e4nda PP utan jag siktar p\u00e5 att leverera<br \/>\nen upplevelse i rummet via ber\u00e4ttelser och exempel n\u00e4r jag talar<br \/>\nom Corporate Storytelling.<br \/>\nOm jag anv\u00e4nde PP s\u00e5 skule jag l\u00e4gga in bilder som n\u00f6dv\u00e4ndigt<br \/>\nleder \u00f6ver framf\u00f6randet till en ber\u00e4ttelse d\u00e5 och d\u00e5.<br \/>\nOm man avst\u00e5r fr\u00e5n det faktuella i PP-f\u00f6rel\u00e4sningen s\u00e5 kan man<br \/>\nalltid l\u00e4gga det p\u00e5 papper till dem som vill ha siffror och diagram<br \/>\noch pilar och boxar med sig. Dessa finns ju annars i regel p\u00e5<br \/>\nwebben.<br \/>\n+++++++++++++++++++++++++++++++++++++++++++++<br \/>\nMer om allt detta jag skriver h\u00e4r finns p\u00e5 http:\/\/storytellers.se<br \/>\n+++++++++++++++++++++++++++++++++++++++++++++<br \/>\nDu fick det h\u00e4r brevet f\u00f6r att du anm\u00e4lt  dig sj\u00e4lv via webben eller<br \/>\nf\u00f6r att du skrivit upp dig i samband med n\u00e5got av mina<br \/>\nseminarier. Om du inte vill ha nyhetsbrevet kan du bara v\u00e4nda<br \/>\ndet med ett nej tack.<br \/>\nJag som skriver och som \u00e4r ansvarig heter Matts Heijbel. Jag har<br \/>\nambitionen att via min blogg driva den sj\u00e4lvklara m\u00f6tesplatsen f\u00f6r<br \/>\nden som \u00e4r intresserad av Corporate Storytelling p\u00e5 svenska<br \/>\nspr\u00e5ket och s\u00e5 som den beskrivs p\u00e5 storytellers.se<br \/>\nHej d\u00e5 h\u00e4lsar<br \/>\nMatts<br \/>\nStockholm 3 september 2007<\/p>\n","protected":false},"excerpt":{"rendered":"<p>Idag har prenumeranterna f\u00e5tt nr 26 i serien Nyhetsbrev fr\u00e5n Storytellers.se. Det \u00e4r kostnadsfritt och du anm\u00e4ler sig som prenumerant h\u00e4r genom att scrolla i h\u00f6gerkanten p\u00e5 \u00f6ppningssidan av storytellers.se. Du kan l\u00e4sa det aktuella brevet genom att trycka p\u00e5 l\u00e4nken h\u00e4r under.<\/p>\n","protected":false},"author":2,"featured_media":0,"comment_status":"open","ping_status":"closed","sticky":false,"template":"","format":"standard","meta":[],"categories":[8],"tags":[],"_links":{"self":[{"href":"https:\/\/storytellers.se\/index.php?rest_route=\/wp\/v2\/posts\/1538"}],"collection":[{"href":"https:\/\/storytellers.se\/index.php?rest_route=\/wp\/v2\/posts"}],"about":[{"href":"https:\/\/storytellers.se\/index.php?rest_route=\/wp\/v2\/types\/post"}],"author":[{"embeddable":true,"href":"https:\/\/storytellers.se\/index.php?rest_route=\/wp\/v2\/users\/2"}],"replies":[{"embeddable":true,"href":"https:\/\/storytellers.se\/index.php?rest_route=%2Fwp%2Fv2%2Fcomments&post=1538"}],"version-history":[{"count":0,"href":"https:\/\/storytellers.se\/index.php?rest_route=\/wp\/v2\/posts\/1538\/revisions"}],"wp:attachment":[{"href":"https:\/\/storytellers.se\/index.php?rest_route=%2Fwp%2Fv2%2Fmedia&parent=1538"}],"wp:term":[{"taxonomy":"category","embeddable":true,"href":"https:\/\/storytellers.se\/index.php?rest_route=%2Fwp%2Fv2%2Fcategories&post=1538"},{"taxonomy":"post_tag","embeddable":true,"href":"https:\/\/storytellers.se\/index.php?rest_route=%2Fwp%2Fv2%2Ftags&post=1538"}],"curies":[{"name":"wp","href":"https:\/\/api.w.org\/{rel}","templated":true}]}}