{"id":1534,"date":"2007-08-29T21:18:05","date_gmt":"2007-08-29T20:18:05","guid":{"rendered":"http:\/\/heijbel.wordpress.com\/2007\/08\/29\/intervjuad-i-dagens-media"},"modified":"2007-08-29T21:18:05","modified_gmt":"2007-08-29T20:18:05","slug":"intervjuad-i-dagens-media","status":"publish","type":"post","link":"https:\/\/storytellers.se\/?p=1534","title":{"rendered":"Intervjuad i Dagens Media"},"content":{"rendered":"<p>I Dagens Media, pappersutg\u00e5van nr 14\/2007 sid 22-23, som kom ut i dag, handlar ett uppslag om storytelling. D\u00e4r st\u00e4lls Erik Nissen Johansen och jag mot varandra. Han beskrivs som den som&#8230;<\/p>\n<p><!--more--><br \/>\n&#8230;tycker att man kan hitta p\u00e5 vilka historier man vill bara de s\u00e4ljer. Jag blir, i Dagens Media, den som h\u00e4vdar att inom Corporate Storytelling \u00e4r det de sanna ber\u00e4ttelserna fr\u00e5n verkligheten som \u00e4r b\u00e4st.<br \/>\nSkillnaden \u00e4r i praktiken, d\u00e4r vi faktiskt b\u00e5da jobbar dagligen, inte s\u00e5 stor. Men vi anv\u00e4nder verktygen lite olika, vilket vi brukar spegla n\u00e4r vi f\u00f6rel\u00e4ser tillsammans, Erik och jag.<br \/>\nI artikeln, som \u00e4r skriven av Dagens Medias Henrik Widell, h\u00e4vdar jag bland annat:<br \/>\n&#8211; Jag sysslar inte med att ber\u00e4tta sagor. Det finns en s\u00e5dan otrolig kraft i f\u00f6retagens egna historier att det inte \u00e4r n\u00f6dv\u00e4ndigt att hitta p\u00e5. Verkligheten duger.<br \/>\n\u2013 Mitt jobb som konsult \u00e4r att vaska fram de historier som st\u00e4rker tesen som kommunikat\u00f6ren vill f\u00f6rmedla. Det \u00e4r inte alltid l\u00e4tt, av tusen historier \u00e4r det kanske ett dussin som \u00e4r rent guld.<br \/>\n\u2013 Mitt mantra \u00e4r att verkligheten duger. Den som befolkar sitt varum\u00e4rke med verkliga m\u00e4nniskor och verkliga historier kommer att uppt\u00e4cka den enorma kraften i historierna.<br \/>\nDagens Medias papperstidning har 20.000 l\u00e4sare. Den profilerar sig som aff\u00e4rstidningen inom marknadsf\u00f6ring och medieval. L\u00e4sarna \u00e4r marknads-, reklam-, informations- och produktchefer i reklamintensiva f\u00f6retag.<br \/>\nEnligt Dagens Media \u00e4r storytelling en av de starkaste trenderna just nu inom branschen och tidningen kallar Erik Nissen Johansen och Matts Heijbel f\u00f6r tv\u00e5 av f\u00f6rgrundsgestalterna inom svensk storytelling.<\/p>\n","protected":false},"excerpt":{"rendered":"<p>I Dagens Media, pappersutg\u00e5van nr 14\/2007 sid 22-23, som kom ut i dag, handlar ett uppslag om storytelling. D\u00e4r st\u00e4lls Erik Nissen Johansen och jag mot varandra. Han beskrivs som den som&#8230;<\/p>\n","protected":false},"author":2,"featured_media":0,"comment_status":"open","ping_status":"closed","sticky":false,"template":"","format":"standard","meta":[],"categories":[3],"tags":[],"_links":{"self":[{"href":"https:\/\/storytellers.se\/index.php?rest_route=\/wp\/v2\/posts\/1534"}],"collection":[{"href":"https:\/\/storytellers.se\/index.php?rest_route=\/wp\/v2\/posts"}],"about":[{"href":"https:\/\/storytellers.se\/index.php?rest_route=\/wp\/v2\/types\/post"}],"author":[{"embeddable":true,"href":"https:\/\/storytellers.se\/index.php?rest_route=\/wp\/v2\/users\/2"}],"replies":[{"embeddable":true,"href":"https:\/\/storytellers.se\/index.php?rest_route=%2Fwp%2Fv2%2Fcomments&post=1534"}],"version-history":[{"count":0,"href":"https:\/\/storytellers.se\/index.php?rest_route=\/wp\/v2\/posts\/1534\/revisions"}],"wp:attachment":[{"href":"https:\/\/storytellers.se\/index.php?rest_route=%2Fwp%2Fv2%2Fmedia&parent=1534"}],"wp:term":[{"taxonomy":"category","embeddable":true,"href":"https:\/\/storytellers.se\/index.php?rest_route=%2Fwp%2Fv2%2Fcategories&post=1534"},{"taxonomy":"post_tag","embeddable":true,"href":"https:\/\/storytellers.se\/index.php?rest_route=%2Fwp%2Fv2%2Ftags&post=1534"}],"curies":[{"name":"wp","href":"https:\/\/api.w.org\/{rel}","templated":true}]}}