{"id":1532,"date":"2007-08-27T17:25:17","date_gmt":"2007-08-27T16:25:17","guid":{"rendered":"http:\/\/heijbel.wordpress.com\/2007\/08\/27\/650-i-storyextas-i-almedalen"},"modified":"2007-08-27T17:25:17","modified_gmt":"2007-08-27T16:25:17","slug":"650-i-storyextas-i-almedalen","status":"publish","type":"post","link":"https:\/\/storytellers.se\/?p=1532","title":{"rendered":"650 i storyextas i Almedalen"},"content":{"rendered":"<p>I helgen var jag ansvarig n\u00e4r cirka 650 medarbetare i Lindebergs Grant Thornton storytellade p\u00e5 ett hundratal filtar i Almedalen i Visby. Det var de \u00e5terkommande&#8230;<\/p>\n<p><!--more--><br \/>\n&#8230;Lindebergsdagarna som den h\u00e4r g\u00e5ngen h\u00f6lls p\u00e5 nya konferensanl\u00e4ggningen Visby Strand.<br \/>\nDetta \u00e4r den andra g\u00e5ngensom  jag \u00e4r involverad i en s\u00e5 h\u00e4r stor storyextas som kan resultera i en sk\u00f6rd p\u00e5 upp\u00e5t 100 stories ur revisionsf\u00f6retaget. F\u00f6rra g\u00e5ngen med en s\u00e5dan h\u00e4r stor volym var med Sas Sverige i Globen f\u00f6rra \u00e5ret.<br \/>\nDen h\u00e4r g\u00e5ngen b\u00f6rjade vi p\u00e5 fredagen med Kay Pollak och Mingelskolans Ingela Nilsson. P\u00e5 l\u00f6rdagen b\u00f6rjade vi med motivationskonsulten J\u00f6rgen Oom och landade slutligen i en hel eftermiddag med sk\u00f6rdande av f\u00f6retagsber\u00e4ttelser.<br \/>\nP\u00e5 kv\u00e4llen kom Babsan och mingelstimulerade g\u00e4nget.<br \/>\nDetta med stor storytellingsk\u00f6rdefest \u00e4r ett fantastiskt s\u00e4tt att umg\u00e5s, ett s\u00e4tt att byta erfarenheter och ladda varum\u00e4rke. Jag har nu utvecklat ett v\u00e4l fungerande koncept f\u00f6r en s\u00e5dan h\u00e4r stor storysatsning.<br \/>\nHela evenemanget syddes ihop av den fantastiska eventbyr\u00e5n Darmell.\u00c5sbrink Relations.<\/p>\n","protected":false},"excerpt":{"rendered":"<p>I helgen var jag ansvarig n\u00e4r cirka 650 medarbetare i Lindebergs Grant Thornton storytellade p\u00e5 ett hundratal filtar i Almedalen i Visby. Det var de \u00e5terkommande&#8230;<\/p>\n","protected":false},"author":2,"featured_media":0,"comment_status":"open","ping_status":"closed","sticky":false,"template":"","format":"standard","meta":[],"categories":[2],"tags":[],"_links":{"self":[{"href":"https:\/\/storytellers.se\/index.php?rest_route=\/wp\/v2\/posts\/1532"}],"collection":[{"href":"https:\/\/storytellers.se\/index.php?rest_route=\/wp\/v2\/posts"}],"about":[{"href":"https:\/\/storytellers.se\/index.php?rest_route=\/wp\/v2\/types\/post"}],"author":[{"embeddable":true,"href":"https:\/\/storytellers.se\/index.php?rest_route=\/wp\/v2\/users\/2"}],"replies":[{"embeddable":true,"href":"https:\/\/storytellers.se\/index.php?rest_route=%2Fwp%2Fv2%2Fcomments&post=1532"}],"version-history":[{"count":0,"href":"https:\/\/storytellers.se\/index.php?rest_route=\/wp\/v2\/posts\/1532\/revisions"}],"wp:attachment":[{"href":"https:\/\/storytellers.se\/index.php?rest_route=%2Fwp%2Fv2%2Fmedia&parent=1532"}],"wp:term":[{"taxonomy":"category","embeddable":true,"href":"https:\/\/storytellers.se\/index.php?rest_route=%2Fwp%2Fv2%2Fcategories&post=1532"},{"taxonomy":"post_tag","embeddable":true,"href":"https:\/\/storytellers.se\/index.php?rest_route=%2Fwp%2Fv2%2Ftags&post=1532"}],"curies":[{"name":"wp","href":"https:\/\/api.w.org\/{rel}","templated":true}]}}