{"id":1530,"date":"2007-08-22T17:19:53","date_gmt":"2007-08-22T16:19:53","guid":{"rendered":"http:\/\/heijbel.wordpress.com\/2007\/08\/22\/bankchefen-hogg-kundved"},"modified":"2007-08-22T17:19:53","modified_gmt":"2007-08-22T16:19:53","slug":"bankchefen-hogg-kundved","status":"publish","type":"post","link":"https:\/\/storytellers.se\/?p=1530","title":{"rendered":"Bankchefen h\u00f6gg kundved"},"content":{"rendered":"<p>Jag har tr\u00e4ffat stora grupper s\u00e4lj- och kundansvariga fr\u00e5n en rad olika f\u00f6retag p\u00e5 seminarier som jag h\u00e5llit de senaste dagarna. I g\u00e5r i Lund, i dag i G\u00f6teborg. D\u00e5 fick jag h\u00f6ra om bankchefen som till och med h\u00f6gg kundens ved&#8230;<\/p>\n<p><!--more--><br \/>\nTelefonen ringde p\u00e5 bankkontoret strax innan st\u00e4ngningsdags. En sm\u00e5tt desperat sm\u00e5f\u00f6retagare, som egentligen var kund i en annan bank, sa n\u00e4stan fl\u00e4mtande i telefon.<br \/>\n\u2013 Min bank strular. De skulle ha gjort en st\u00f6rre \u00f6verf\u00f6ring idag som jag beh\u00f6ver f\u00f6r en aff\u00e4r i morgon men dom fungerar inte. Jag vet inte vad de h\u00e5ller p\u00e5 med. Kan ni hj\u00e4lpa mig?<br \/>\nBankchefen lovade att titta f\u00f6rbi, den f\u00f6r honom ok\u00e4nde, sm\u00e5f\u00f6retagaren p\u00e5 v\u00e4gen hem och snart satt de b\u00e5da i k\u00f6ket i villan. Tillsammans gick de igenom papper och kalkyler och bankmannen fick insyn i aff\u00e4ren som allts\u00e5 byggde p\u00e5 att det fanns pengar p\u00e5 kontot i morgon.<br \/>\nEfter n\u00e5gra timmar var det klart. Du har pengarna i morgon, det lovar jag, sa bankchefen och k\u00e4nde sig som r\u00e4ddaren i n\u00f6den och som dessutom f\u00e5tt en ny och intressant kund av bara farten.<br \/>\nSm\u00e5f\u00f6retagaren reste sig upp f\u00f6r att tacka men ryckte till och tog sig \u00e5t ryggen.<br \/>\n&#8211; Ja, jag har f\u00e5tt ryggskott och det v\u00e4rsta \u00e4r att i morgon har vi till r\u00e5ga p\u00e5 allt ha v\u00e5r \u00e5rliga sl\u00e4kttr\u00e4ff. Med vedeldad bastu och allt. Jag kan inte ens hugga ved i det h\u00e4r skicket. Inte kan v\u00e4l du, fr\u00e5gade han bankchefen&#8230;<br \/>\n\u2013 Visst kan jag det, sa bankchefen och gled ur sin kavaj. Var har du veden?<br \/>\nS\u00e5 kom det sig att bankchefen h\u00f6gg sm\u00e5f\u00f6retagarens ved efter att han samma kv\u00e4ll hade r\u00e4ddat sm\u00e5f\u00f6retagaren ur en likviditetsknipa.<br \/>\nEfter detta drama gjorde sm\u00e5f\u00f6retagaren sin aff\u00e4r. Han hade sin fest med vedeldad bastu och det f\u00f6rsta han gjorde p\u00e5 m\u00e5ndagen var att flytta alla sina, r\u00e4tt betydliga, aff\u00e4rer till den nya banken som st\u00e4llt upp i en udda situation och hj\u00e4lpt honom b\u00e5de med kredit och vedhuggning.<\/p>\n","protected":false},"excerpt":{"rendered":"<p>Jag har tr\u00e4ffat stora grupper s\u00e4lj- och kundansvariga fr\u00e5n en rad olika f\u00f6retag p\u00e5 seminarier som jag h\u00e5llit de senaste dagarna. I g\u00e5r i Lund, i dag i G\u00f6teborg. D\u00e5 fick jag h\u00f6ra om bankchefen som till och med h\u00f6gg kundens ved&#8230;<\/p>\n","protected":false},"author":2,"featured_media":0,"comment_status":"open","ping_status":"closed","sticky":false,"template":"","format":"standard","meta":[],"categories":[10],"tags":[],"_links":{"self":[{"href":"https:\/\/storytellers.se\/index.php?rest_route=\/wp\/v2\/posts\/1530"}],"collection":[{"href":"https:\/\/storytellers.se\/index.php?rest_route=\/wp\/v2\/posts"}],"about":[{"href":"https:\/\/storytellers.se\/index.php?rest_route=\/wp\/v2\/types\/post"}],"author":[{"embeddable":true,"href":"https:\/\/storytellers.se\/index.php?rest_route=\/wp\/v2\/users\/2"}],"replies":[{"embeddable":true,"href":"https:\/\/storytellers.se\/index.php?rest_route=%2Fwp%2Fv2%2Fcomments&post=1530"}],"version-history":[{"count":0,"href":"https:\/\/storytellers.se\/index.php?rest_route=\/wp\/v2\/posts\/1530\/revisions"}],"wp:attachment":[{"href":"https:\/\/storytellers.se\/index.php?rest_route=%2Fwp%2Fv2%2Fmedia&parent=1530"}],"wp:term":[{"taxonomy":"category","embeddable":true,"href":"https:\/\/storytellers.se\/index.php?rest_route=%2Fwp%2Fv2%2Fcategories&post=1530"},{"taxonomy":"post_tag","embeddable":true,"href":"https:\/\/storytellers.se\/index.php?rest_route=%2Fwp%2Fv2%2Ftags&post=1530"}],"curies":[{"name":"wp","href":"https:\/\/api.w.org\/{rel}","templated":true}]}}