{"id":1528,"date":"2007-08-21T10:21:32","date_gmt":"2007-08-21T09:21:32","guid":{"rendered":"http:\/\/heijbel.wordpress.com\/2007\/08\/21\/undersok-isberget"},"modified":"2007-08-21T10:21:32","modified_gmt":"2007-08-21T09:21:32","slug":"undersok-isberget","status":"publish","type":"post","link":"https:\/\/storytellers.se\/?p=1528","title":{"rendered":"Unders\u00f6k isberget"},"content":{"rendered":"<p>Ibland brukar man likna kunskapen i en organisation vid ett isberg. En liten, r\u00e4tt v\u00e4l utforskad, del sticker upp och l\u00e5ter sig beskrivas. D\u00e4r under finns&#8230;<\/p>\n<p><!--more--><br \/>\n&#8230;en betydligt st\u00f6rre kropp av kunskap och erfarenhet. Denna dolda del av isberget kallas ofta i kommunikations- och managementsammanhang f\u00f6r den tysta kunskapen. Den som f\u00e5r det hela att flyta och som \u00e4r f\u00f6ruts\u00e4ttningen f\u00f6r att den synliga delen av isberget ska vara just synlig.<br \/>\nOm vi leker vidare med den bilden s\u00e5 \u00e4r den synliga delen av isberget exempelvis v\u00e5ra rapporter, databaser, \u00e5rsber\u00e4ttelser, varor och tj\u00e4nster. Som kommunikat\u00f6r och ledare finns mycket att h\u00e4mta i den st\u00f6rre delen av berget som ligger under ytan.<br \/>\nD\u00e4r finns det organisationsber\u00e4ttelser att sk\u00f6rda. Ska man leda en organisation \u00e4r den tysta kunskapen ett viktigt verktyg f\u00f6r att g\u00f6ra organisationerna och dess m\u00e4nniskor synliga.<br \/>\nDetta med isberget \u00e4r ett bildspr\u00e5k som kan begripligg\u00f6ra ett projekt kring Corporate Storytelling. L\u00e5t oss g\u00e5 in och leta och sk\u00f6rda i den tysta kunskapen. L\u00e5t oss lyssna p\u00e5 den och g\u00f6ra den begriplig f\u00f6r flera s\u00e5 att vi b\u00e4ttre f\u00f6rst\u00e5r vad vi h\u00e5ller p\u00e5 med och vad vi kan.<br \/>\nL\u00e5t oss unders\u00f6ka isbergets egentliga form och erfarenhet och l\u00e4gga dess ber\u00e4ttelser tlll v\u00e5rt erbjudande.<\/p>\n","protected":false},"excerpt":{"rendered":"<p>Ibland brukar man likna kunskapen i en organisation vid ett isberg. En liten, r\u00e4tt v\u00e4l utforskad, del sticker upp och l\u00e5ter sig beskrivas. D\u00e4r under finns&#8230;<\/p>\n","protected":false},"author":2,"featured_media":0,"comment_status":"open","ping_status":"closed","sticky":false,"template":"","format":"standard","meta":[],"categories":[2],"tags":[],"_links":{"self":[{"href":"https:\/\/storytellers.se\/index.php?rest_route=\/wp\/v2\/posts\/1528"}],"collection":[{"href":"https:\/\/storytellers.se\/index.php?rest_route=\/wp\/v2\/posts"}],"about":[{"href":"https:\/\/storytellers.se\/index.php?rest_route=\/wp\/v2\/types\/post"}],"author":[{"embeddable":true,"href":"https:\/\/storytellers.se\/index.php?rest_route=\/wp\/v2\/users\/2"}],"replies":[{"embeddable":true,"href":"https:\/\/storytellers.se\/index.php?rest_route=%2Fwp%2Fv2%2Fcomments&post=1528"}],"version-history":[{"count":0,"href":"https:\/\/storytellers.se\/index.php?rest_route=\/wp\/v2\/posts\/1528\/revisions"}],"wp:attachment":[{"href":"https:\/\/storytellers.se\/index.php?rest_route=%2Fwp%2Fv2%2Fmedia&parent=1528"}],"wp:term":[{"taxonomy":"category","embeddable":true,"href":"https:\/\/storytellers.se\/index.php?rest_route=%2Fwp%2Fv2%2Fcategories&post=1528"},{"taxonomy":"post_tag","embeddable":true,"href":"https:\/\/storytellers.se\/index.php?rest_route=%2Fwp%2Fv2%2Ftags&post=1528"}],"curies":[{"name":"wp","href":"https:\/\/api.w.org\/{rel}","templated":true}]}}