{"id":1526,"date":"2007-08-16T18:04:11","date_gmt":"2007-08-16T17:04:11","guid":{"rendered":"http:\/\/heijbel.wordpress.com\/2007\/08\/16\/saljet-spetsas-med-stories"},"modified":"2007-08-16T18:04:11","modified_gmt":"2007-08-16T17:04:11","slug":"saljet-spetsas-med-stories","status":"publish","type":"post","link":"https:\/\/storytellers.se\/?p=1526","title":{"rendered":"S\u00e4ljet spetsas med stories"},"content":{"rendered":"<p>I dag tr\u00e4ffade jag drygt 30 s\u00e4ljansvariga fr\u00e5n olika f\u00f6retag vid en halvdagsf\u00f6rel\u00e4sning i Selldorados regi norr om Stockholm. Vi diskuterade hur man kan addera v\u00e4rden till sin vara eller tj\u00e4nst genom att spetsa s\u00e4ljet med sanna stories. Det fanns flera goda exempel h\u00e4mtade ur deltagarnas egna erfarenheter.<\/p>\n","protected":false},"excerpt":{"rendered":"<p>I dag tr\u00e4ffade jag drygt 30 s\u00e4ljansvariga fr\u00e5n olika f\u00f6retag vid en halvdagsf\u00f6rel\u00e4sning i Selldorados regi norr om Stockholm. Vi diskuterade hur man kan addera v\u00e4rden till sin vara eller tj\u00e4nst genom att spetsa s\u00e4ljet med sanna stories. Det fanns flera goda exempel h\u00e4mtade ur deltagarnas egna erfarenheter.<\/p>\n","protected":false},"author":2,"featured_media":0,"comment_status":"open","ping_status":"closed","sticky":false,"template":"","format":"standard","meta":[],"categories":[2],"tags":[],"_links":{"self":[{"href":"https:\/\/storytellers.se\/index.php?rest_route=\/wp\/v2\/posts\/1526"}],"collection":[{"href":"https:\/\/storytellers.se\/index.php?rest_route=\/wp\/v2\/posts"}],"about":[{"href":"https:\/\/storytellers.se\/index.php?rest_route=\/wp\/v2\/types\/post"}],"author":[{"embeddable":true,"href":"https:\/\/storytellers.se\/index.php?rest_route=\/wp\/v2\/users\/2"}],"replies":[{"embeddable":true,"href":"https:\/\/storytellers.se\/index.php?rest_route=%2Fwp%2Fv2%2Fcomments&post=1526"}],"version-history":[{"count":0,"href":"https:\/\/storytellers.se\/index.php?rest_route=\/wp\/v2\/posts\/1526\/revisions"}],"wp:attachment":[{"href":"https:\/\/storytellers.se\/index.php?rest_route=%2Fwp%2Fv2%2Fmedia&parent=1526"}],"wp:term":[{"taxonomy":"category","embeddable":true,"href":"https:\/\/storytellers.se\/index.php?rest_route=%2Fwp%2Fv2%2Fcategories&post=1526"},{"taxonomy":"post_tag","embeddable":true,"href":"https:\/\/storytellers.se\/index.php?rest_route=%2Fwp%2Fv2%2Ftags&post=1526"}],"curies":[{"name":"wp","href":"https:\/\/api.w.org\/{rel}","templated":true}]}}