{"id":1524,"date":"2007-08-06T15:02:36","date_gmt":"2007-08-06T14:02:36","guid":{"rendered":"http:\/\/heijbel.wordpress.com\/2007\/08\/06\/kurser-och-forelasningar"},"modified":"2007-08-06T15:02:36","modified_gmt":"2007-08-06T14:02:36","slug":"kurser-och-forelasningar","status":"publish","type":"post","link":"https:\/\/storytellers.se\/?p=1524","title":{"rendered":"Kurser och f\u00f6rel\u00e4sningar"},"content":{"rendered":"<p>Den n\u00e4rmaste m\u00e5naden h\u00e5ller jag en \u00f6ppen f\u00f6rel\u00e4sningsserie p\u00e5 olika h\u00e5ll i Sverige. Dessutom drar den \u00f6ppna distansutbildningen Storytelling i organisationer ig\u00e5ng den 1 september inom ramen f\u00f6r Berghs School of Communication. Den svenska f\u00f6rel\u00e4sningsresan inleder jag&#8230;<\/p>\n<p><!--more--><br \/>\n&#8230;i Stockholm den 16 augusti och forts\u00e4tter sen till Lund och G\u00f6teborg. Jag kommer dessutom att komma tillbaks och h\u00e5lla samma f\u00f6rel\u00e4sning p\u00e5 varje ort flera g\u00e5nger i augusti och september.<br \/>\nAllt detta sker i <a href=\"http:\/\/www.selldorado.se\/default.asp\">Selldorados<\/a> regi och har en s\u00e4ljprofil i uppl\u00e4gget.<br \/>\nN\u00e4r det g\u00e4ller distansutbildningen Storytelling i organisationer, med Berghs, s\u00e5 var den t\u00e4nkt att str\u00e4cka sig \u00f6ver hela h\u00f6sten. P g a oenhet med skolledningen st\u00e4lldes kursen in. Mer info om liknande utbildningar f\u00e5r du via storytellerakademin@storytellers.se<br \/>\nStorytelling i organisationer \u00e4r allts\u00e5 inte storytelling hit och dit p\u00e5 alla m\u00f6jliga s\u00e4tt. H\u00e4r handlar det om utg\u00e5ngspunkten att man kan s\u00f6ka och aktivera ber\u00e4ttelser som finns i f\u00f6retag och organisationer.<br \/>\nDen som g\u00e5r kursen f\u00e5r allts\u00e5 sk\u00f6rda och utveckla ber\u00e4ttelser under utbildningen. Antingen fr\u00e5n sitt eget f\u00f6retag eller sin egen organisation eller annars fr\u00e5n n\u00e5gon organisation som han eller hon s\u00f6ker upp.<br \/>\nKursen arbetar allts\u00e5 med Corporate Storytelling s\u00e5som den hanteras p\u00e5 den h\u00e4r webbplatsen. Det som internationellt brukar kallas Corporate Storytelling eller Storytelling in Organizations.<br \/>\nDatum hittar du under rubriken Kurser och r\u00e5d till v\u00e4nster h\u00e4r p\u00e5 webbplatsen. Det g\u00e5r ocks\u00e5 bra att kontaka mig f\u00f6r mer information p\u00e5 storytellerakademin@storytellers.se<\/p>\n","protected":false},"excerpt":{"rendered":"<p>Den n\u00e4rmaste m\u00e5naden h\u00e5ller jag en \u00f6ppen f\u00f6rel\u00e4sningsserie p\u00e5 olika h\u00e5ll i Sverige. Dessutom drar den \u00f6ppna distansutbildningen Storytelling i organisationer ig\u00e5ng den 1 september inom ramen f\u00f6r Berghs School of Communication. Den svenska f\u00f6rel\u00e4sningsresan inleder jag&#8230;<\/p>\n","protected":false},"author":2,"featured_media":0,"comment_status":"open","ping_status":"closed","sticky":false,"template":"","format":"standard","meta":[],"categories":[9],"tags":[],"_links":{"self":[{"href":"https:\/\/storytellers.se\/index.php?rest_route=\/wp\/v2\/posts\/1524"}],"collection":[{"href":"https:\/\/storytellers.se\/index.php?rest_route=\/wp\/v2\/posts"}],"about":[{"href":"https:\/\/storytellers.se\/index.php?rest_route=\/wp\/v2\/types\/post"}],"author":[{"embeddable":true,"href":"https:\/\/storytellers.se\/index.php?rest_route=\/wp\/v2\/users\/2"}],"replies":[{"embeddable":true,"href":"https:\/\/storytellers.se\/index.php?rest_route=%2Fwp%2Fv2%2Fcomments&post=1524"}],"version-history":[{"count":0,"href":"https:\/\/storytellers.se\/index.php?rest_route=\/wp\/v2\/posts\/1524\/revisions"}],"wp:attachment":[{"href":"https:\/\/storytellers.se\/index.php?rest_route=%2Fwp%2Fv2%2Fmedia&parent=1524"}],"wp:term":[{"taxonomy":"category","embeddable":true,"href":"https:\/\/storytellers.se\/index.php?rest_route=%2Fwp%2Fv2%2Fcategories&post=1524"},{"taxonomy":"post_tag","embeddable":true,"href":"https:\/\/storytellers.se\/index.php?rest_route=%2Fwp%2Fv2%2Ftags&post=1524"}],"curies":[{"name":"wp","href":"https:\/\/api.w.org\/{rel}","templated":true}]}}