{"id":1522,"date":"2007-08-03T11:50:51","date_gmt":"2007-08-03T10:50:51","guid":{"rendered":"http:\/\/heijbel.wordpress.com\/2007\/08\/03\/92-av-10-mojliga-hos-kommun"},"modified":"2007-08-03T11:50:51","modified_gmt":"2007-08-03T10:50:51","slug":"92-av-10-mojliga-hos-kommun","status":"publish","type":"post","link":"https:\/\/storytellers.se\/?p=1522","title":{"rendered":"9,2 av 10 m\u00f6jliga hos kommun"},"content":{"rendered":"<p>Utv\u00e4rderingen har kommit fr\u00e5n en storytellingf\u00f6rel\u00e4sning som jag h\u00f6ll f\u00f6r personalen vid Socialf\u00f6rvaltningen i Botkyrka i maj. Jag fick 9,2 po\u00e4ng av 10 m\u00f6jliga i omd\u00f6me. Jag \u00e4r stolt och glad \u00f6ver det. \u00c4mnet \u00e4r allts\u00e5 relevant f\u00f6r socialfolket. Urs\u00e4kta att jag skryter om det, men det h\u00e4r \u00e4r ju faktiskt en f\u00f6retagsblogg.<\/p>\n","protected":false},"excerpt":{"rendered":"<p>Utv\u00e4rderingen har kommit fr\u00e5n en storytellingf\u00f6rel\u00e4sning som jag h\u00f6ll f\u00f6r personalen vid Socialf\u00f6rvaltningen i Botkyrka i maj. Jag fick 9,2 po\u00e4ng av 10 m\u00f6jliga i omd\u00f6me. Jag \u00e4r stolt och glad \u00f6ver det. \u00c4mnet \u00e4r allts\u00e5 relevant f\u00f6r socialfolket. Urs\u00e4kta att jag skryter om det, men det h\u00e4r \u00e4r ju faktiskt en f\u00f6retagsblogg.<\/p>\n","protected":false},"author":2,"featured_media":0,"comment_status":"open","ping_status":"closed","sticky":false,"template":"","format":"standard","meta":[],"categories":[2],"tags":[],"_links":{"self":[{"href":"https:\/\/storytellers.se\/index.php?rest_route=\/wp\/v2\/posts\/1522"}],"collection":[{"href":"https:\/\/storytellers.se\/index.php?rest_route=\/wp\/v2\/posts"}],"about":[{"href":"https:\/\/storytellers.se\/index.php?rest_route=\/wp\/v2\/types\/post"}],"author":[{"embeddable":true,"href":"https:\/\/storytellers.se\/index.php?rest_route=\/wp\/v2\/users\/2"}],"replies":[{"embeddable":true,"href":"https:\/\/storytellers.se\/index.php?rest_route=%2Fwp%2Fv2%2Fcomments&post=1522"}],"version-history":[{"count":0,"href":"https:\/\/storytellers.se\/index.php?rest_route=\/wp\/v2\/posts\/1522\/revisions"}],"wp:attachment":[{"href":"https:\/\/storytellers.se\/index.php?rest_route=%2Fwp%2Fv2%2Fmedia&parent=1522"}],"wp:term":[{"taxonomy":"category","embeddable":true,"href":"https:\/\/storytellers.se\/index.php?rest_route=%2Fwp%2Fv2%2Fcategories&post=1522"},{"taxonomy":"post_tag","embeddable":true,"href":"https:\/\/storytellers.se\/index.php?rest_route=%2Fwp%2Fv2%2Ftags&post=1522"}],"curies":[{"name":"wp","href":"https:\/\/api.w.org\/{rel}","templated":true}]}}