{"id":1520,"date":"2007-08-01T20:10:25","date_gmt":"2007-08-01T19:10:25","guid":{"rendered":"http:\/\/heijbel.wordpress.com\/2007\/08\/01\/svepande-forenklingar"},"modified":"2007-08-01T20:10:25","modified_gmt":"2007-08-01T19:10:25","slug":"svepande-forenklingar","status":"publish","type":"post","link":"https:\/\/storytellers.se\/?p=1520","title":{"rendered":"Svepande f\u00f6renklingar"},"content":{"rendered":"<p>Jag har h\u00f6rt flera av den fascinerande utrikeskorrespondenten Caroline Salzingers hemma-i-sverige-i-sommar-program i P1 d\u00e4r hon och hennes g\u00e4ster och olika experter diskuterat olika medieperspektiv. I g\u00e5r fick jag till min besvikelse h\u00f6ra en av hennes journalistg\u00e4ster komma med en av dessa l\u00e5sta f\u00f6renklingar om&#8230;<\/p>\n<p><!--more--><br \/>\n&#8230;storytelling, som ju \u00e4r mitt omr\u00e5de. Han s\u00e4ger ungef\u00e4r som s\u00e5 att det ju kallas storytelling n\u00e4r f\u00f6retagen presenterar ber\u00e4ttelser f\u00f6r att f\u00e5 oss att k\u00f6pa mer. Jaha. Och du sj\u00e4lv d\u00e5? Vad ber\u00e4ttar du? Och varf\u00f6r? Vill du ocks\u00e5 \u00f6verleva och ha framg\u00e5ng? Eller vill du tyna bort?<br \/>\nJag skulle vilja s\u00e4ga s\u00e5 h\u00e4r. N\u00e4r ett f\u00f6retag eller en organisation v\u00e4ljer att \u00e4rligt ber\u00e4tta om sin historia, sin kultur, sina viktigaste h\u00e4ndelser eller sina starka personligheter s\u00e5 \u00e4r inte det konstigare \u00e4n n\u00e4r en by i Dalarna ber\u00e4ttar sina viktigaste ber\u00e4ttelser.<br \/>\nDet handlar f\u00f6rst\u00e5s om identitet och \u00f6verlevnad. Om kultur som man kan ha nytta av. Utan kultur inget liv.<br \/>\nDet \u00e4r inte konstigare \u00e4n att en sl\u00e4kt v\u00e4rnar sina viktigaste ber\u00e4ttelser eller att en f\u00f6rening minns, ser nuet och blickar fram\u00e5t &#8211; och ber\u00e4ttar om viktiga sanna h\u00e4ndelser aprop\u00e5 allt detta. \u00c4r det mindre intressant f\u00f6r att det \u00e4r en myndighet eller en kommersiell verksamhet?<br \/>\nSom anst\u00e4llda \u00e4r de flesta av oss delar av f\u00f6retag eller andra organisationer d\u00e4r vi tillbringar merparten av v\u00e5r vakna tid. Vi s\u00e4ljer v\u00e5r vakna tid och beh\u00f6ver f\u00f6rst\u00e5s k\u00e4nna den kultur vi r\u00f6r oss i, vart vi \u00e4r p\u00e5 v\u00e4g.<br \/>\nDet blir s\u00e5 insn\u00f6at och f\u00f6rminskande n\u00e4r man sveper bort denna sj\u00e4lvklarhet och inte ser att alla de olika kulturerna i v\u00e5r ekonomi \u00e4r lika mycket v\u00e4rda. De \u00e4r delar av en \u00f6verlevande helhet.<br \/>\nN\u00e4r SvD, TT eller Sveriges Radio och SVT en dag v\u00e4ljer att s\u00f6ka de sanna ber\u00e4ttelserna (inte bara sina historieskrivningar) om sina kulturer s\u00e5 ska det ska bli intressant. Inte minst n\u00e4r man vill f\u00f6rst\u00e5 ber\u00e4ttelserna kring public servicekonceptet. Hur som helst d\u00e5 f\u00e5r vi h\u00f6ra den Corporata Storytellingen fr\u00e5n v\u00e5ra media.<br \/>\nDet vore sk\u00f6nt om journalisterna kunde lyfta blicken litegrand och se kulturerna omkring oss h\u00e4r och nu. Inte f\u00f6rst om 50 \u00e5r i backspegeln.<br \/>\nDet vore sk\u00f6nt om de inte reducerade dagens ber\u00e4ttelser till enkla manipulerande s\u00e4ljfintar.<br \/>\nDet \u00e4r d\u00e4rf\u00f6r det k\u00e4nns s\u00e5 tr\u00f6ttsamt att h\u00f6ra dessa svepande f\u00f6renklingar med &#8221;f\u00e5 oss att k\u00f6pa mer&#8221; fr\u00e5n n\u00e5gon som inte f\u00f6rst\u00e5r och inte vill se vad Corporate Storytelling \u00e4r.<\/p>\n","protected":false},"excerpt":{"rendered":"<p>Jag har h\u00f6rt flera av den fascinerande utrikeskorrespondenten Caroline Salzingers hemma-i-sverige-i-sommar-program i P1 d\u00e4r hon och hennes g\u00e4ster och olika experter diskuterat olika medieperspektiv. I g\u00e5r fick jag till min besvikelse h\u00f6ra en av hennes journalistg\u00e4ster komma med en av dessa l\u00e5sta f\u00f6renklingar om&#8230;<\/p>\n","protected":false},"author":2,"featured_media":0,"comment_status":"open","ping_status":"closed","sticky":false,"template":"","format":"standard","meta":[],"categories":[3],"tags":[],"_links":{"self":[{"href":"https:\/\/storytellers.se\/index.php?rest_route=\/wp\/v2\/posts\/1520"}],"collection":[{"href":"https:\/\/storytellers.se\/index.php?rest_route=\/wp\/v2\/posts"}],"about":[{"href":"https:\/\/storytellers.se\/index.php?rest_route=\/wp\/v2\/types\/post"}],"author":[{"embeddable":true,"href":"https:\/\/storytellers.se\/index.php?rest_route=\/wp\/v2\/users\/2"}],"replies":[{"embeddable":true,"href":"https:\/\/storytellers.se\/index.php?rest_route=%2Fwp%2Fv2%2Fcomments&post=1520"}],"version-history":[{"count":0,"href":"https:\/\/storytellers.se\/index.php?rest_route=\/wp\/v2\/posts\/1520\/revisions"}],"wp:attachment":[{"href":"https:\/\/storytellers.se\/index.php?rest_route=%2Fwp%2Fv2%2Fmedia&parent=1520"}],"wp:term":[{"taxonomy":"category","embeddable":true,"href":"https:\/\/storytellers.se\/index.php?rest_route=%2Fwp%2Fv2%2Fcategories&post=1520"},{"taxonomy":"post_tag","embeddable":true,"href":"https:\/\/storytellers.se\/index.php?rest_route=%2Fwp%2Fv2%2Ftags&post=1520"}],"curies":[{"name":"wp","href":"https:\/\/api.w.org\/{rel}","templated":true}]}}