{"id":1518,"date":"2007-08-01T12:41:54","date_gmt":"2007-08-01T11:41:54","guid":{"rendered":"http:\/\/heijbel.wordpress.com\/2007\/08\/01\/kamrat-powerpoint-20-ar"},"modified":"2007-08-01T12:41:54","modified_gmt":"2007-08-01T11:41:54","slug":"kamrat-powerpoint-20-ar","status":"publish","type":"post","link":"https:\/\/storytellers.se\/?p=1518","title":{"rendered":"Kamrat PowerPoint 20 \u00e5r"},"content":{"rendered":"<p>Nu fyller PowerPoint 20 \u00e5r och jag l\u00e4ser p\u00e5 Fredrik Wack\u00e5s, alltid lika sp\u00e4nnande, blogg om <a href=\"http:\/\/www.wpr.se\/2007\/06\/grattis-powerpoint\/\">detta<\/a>. Sj\u00e4lv upplever jag, som&#8230;<\/p>\n<p><!--more--><br \/>\n&#8230;Corporate Storyteller, att jag ofta lockar till mig m\u00e4nniskor som v\u00e4nder sig bort fr\u00e5n PP. De brukar skoja och f\u00f6rminska verktyget genom att s\u00e4ga:<br \/>\nPowerPoint? What\u00b4s the point? Eller PowerPoint, the sleeping point! PowerPoint cementerar, menar m\u00e5nga, en \u00e4ngslig manlig managementmonolog, en trygg snuttefilt f\u00f6r den som inte v\u00e5gar sig in i interaktivitet och samtal med d\u00e4rmed f\u00f6ljande subjektivitet och diskussion.<br \/>\nEn del s\u00e4ger PowerPoint jag visst, men powerpointarna???<br \/>\nSj\u00e4lv anv\u00e4nder jag, som Corporate Storyteller, s\u00e4llan PP. Jag brukar h\u00e4vda att f\u00f6rel\u00e4sningen, n\u00e4r det g\u00e4ller storytelling, vinner p\u00e5 att den framf\u00f6rs som just storytelling, helst i dialog med de n\u00e4rvarande. Jag vill inte bara tala om storytelling utan jag vill vara och leva storytelling.<br \/>\nJag talar inte bara om \u00e4mnet utan jag lever det ocks\u00e5, b\u00e5de till vardags i f\u00f6retag och organisationer som konsult och under mina f\u00f6rel\u00e4sningar.<br \/>\nJag brukar f\u00f6rs\u00f6ka dra n\u00e5gon po\u00e4ng om att presentationer en g\u00e5ng hade nytta av flanellografen, sen over-headen och nu PowerPointen. I den konkurrensen har flanellografen faktiskt f\u00f6rdelar eftersom man med flanellograf hela tiden kan m\u00f6blera om budskapet direkt och i samr\u00e5d med publiken ;+)<br \/>\nFlanellograf \u00e4r, f\u00f6r den som inte vet, en i stort sett utrotad flanelltavla som st\u00e5r p\u00e5 ett stativ. Man s\u00e4tter fast olika ord och bilder p\u00e5 tavlan, bilder eller texter som fastnar med hj\u00e4lp av flanell mot flanell och som l\u00e4tt kan flyttas hit och dit.<br \/>\nMin bror, som arbetar en hel del med f\u00f6rel\u00e4sningar, sa n\u00e5n g\u00e5ng n\u00e4r vi talade om detta att han nog \u00e4nd\u00e5 \u00e4r en s\u00e5n d\u00e4r PowerPoint-m\u00e4nniska. Men han f\u00f6reslog \u00e4nd\u00e5, som en kompromiss, att vi skulle introdcera ett mellanting: PowerTelling!<br \/>\nOch visst, varf\u00f6r inte? Man kan ladda PP med \u00f6ppningar f\u00f6r ber\u00e4ttelser d\u00e5 och d\u00e5 i st\u00e4llet f\u00f6r att rakt igenom l\u00e5ta den vara ett stelopererat presentationsunderlag som helt enkelt guidar talaren genom 45-minuterspasset.<br \/>\nDet kan allts\u00e5 vara s\u00e5 att en PP-bild s\u00e4ger: Det hela b\u00f6rjade med att&#8230; (allts\u00e5 en story\u00f6ppning) s\u00e5 att talaren kan sl\u00e4ppa ledst\u00e5ngen och tala fritt och emotionellt \u00e5tminstone d\u00e5 och d\u00e5 under passet.<br \/>\nN\u00e4r jag f\u00f6r n\u00e5gra \u00e5r sen f\u00f6rel\u00e4ste med en av de st\u00f6rsta inom Corporate Storytelling, Steve Denning, s\u00e5 fick jag f\u00f6r \u00f6vigt till min h\u00e4pnad se honom n\u00e4stan briljera med avancerade PowerPoint-presentationer.<br \/>\nHan var stolt v\u00e4ldigt \u00f6ver sitt powerpointeri.<br \/>\nHur som helst. PowerPoint fyller 20 \u00e5r och det uppm\u00e4rksammas i bland annat Wall Street Journal. Upphovsm\u00e4nnen varnar i dag lite f\u00f6r att deras skapelse ibland inneb\u00e4r att man smiter fr\u00e5n en verklig dokumentation och ist\u00e4llet g\u00f6r en ytlig presentation. Om man hoppar \u00f6ver grundjobbet har PP lett till f\u00f6rytligande, menar de.<br \/>\nSteve Denning, d\u00e4remot, anv\u00e4nde kanske verktyget fullt ut. N\u00e4stan artitiskt l\u00e4t han bilderna dansa s\u00e5 som verkyget till\u00e5ter f\u00f6r den som kan och vill.<br \/>\nTill sist en reflektion om det h\u00e4r med manligt och kvinnligt. Jag tror att m\u00e5nga av de kvinnor som dras till tankarna p\u00e5 den h\u00e4r webbplatsen och som nu blir chefer p\u00e5 olika h\u00e5ll i arbetslivet l\u00e4ngtar efter andra s\u00e4tt att beskriva verkligheten \u00e4n den faktuella, stelopererade presentationen av siffror, boxar och tabeller som blivit det vanligaste manliga PP-uttrycket, speciellt i Sverige.<br \/>\nN\u00e4r internationella f\u00f6retag kommer hit i fusions- och uppk\u00f6ps\u00e4renden och de har sett en svensk PP-f\u00f6redragning kommer mycket riktigt ofta fr\u00e5gan:<br \/>\nAnd what\u00b4s the story?<br \/>\nDet \u00e4r d\u00e4r, om inte f\u00f6rr, som Corporate Storytelling \u00e4ntligen m\u00e5ste f\u00e5 ta plats.<\/p>\n","protected":false},"excerpt":{"rendered":"<p>Nu fyller PowerPoint 20 \u00e5r och jag l\u00e4ser p\u00e5 Fredrik Wack\u00e5s, alltid lika sp\u00e4nnande, blogg om detta. Sj\u00e4lv upplever jag, som&#8230;<\/p>\n","protected":false},"author":2,"featured_media":0,"comment_status":"open","ping_status":"closed","sticky":false,"template":"","format":"standard","meta":[],"categories":[2],"tags":[],"_links":{"self":[{"href":"https:\/\/storytellers.se\/index.php?rest_route=\/wp\/v2\/posts\/1518"}],"collection":[{"href":"https:\/\/storytellers.se\/index.php?rest_route=\/wp\/v2\/posts"}],"about":[{"href":"https:\/\/storytellers.se\/index.php?rest_route=\/wp\/v2\/types\/post"}],"author":[{"embeddable":true,"href":"https:\/\/storytellers.se\/index.php?rest_route=\/wp\/v2\/users\/2"}],"replies":[{"embeddable":true,"href":"https:\/\/storytellers.se\/index.php?rest_route=%2Fwp%2Fv2%2Fcomments&post=1518"}],"version-history":[{"count":0,"href":"https:\/\/storytellers.se\/index.php?rest_route=\/wp\/v2\/posts\/1518\/revisions"}],"wp:attachment":[{"href":"https:\/\/storytellers.se\/index.php?rest_route=%2Fwp%2Fv2%2Fmedia&parent=1518"}],"wp:term":[{"taxonomy":"category","embeddable":true,"href":"https:\/\/storytellers.se\/index.php?rest_route=%2Fwp%2Fv2%2Fcategories&post=1518"},{"taxonomy":"post_tag","embeddable":true,"href":"https:\/\/storytellers.se\/index.php?rest_route=%2Fwp%2Fv2%2Ftags&post=1518"}],"curies":[{"name":"wp","href":"https:\/\/api.w.org\/{rel}","templated":true}]}}