{"id":1502,"date":"2007-07-18T14:49:14","date_gmt":"2007-07-18T13:49:14","guid":{"rendered":"http:\/\/heijbel.wordpress.com\/2007\/07\/18\/lev-ditt-varumarke"},"modified":"2007-07-18T14:49:14","modified_gmt":"2007-07-18T13:49:14","slug":"lev-ditt-varumarke","status":"publish","type":"post","link":"https:\/\/storytellers.se\/?p=1502","title":{"rendered":"Lev ditt varum\u00e4rke"},"content":{"rendered":"<p>Att be en kreativ person kl\u00e4cka en bra id\u00e9 r\u00e4tt av p\u00e5 ett stort m\u00f6te \u00e4r som att g\u00e5 fram till en komiker och uppmana honom eller henne s\u00e4ga n\u00e5got roligt. Det h\u00e4vdar Adrian Caddy, som skriver ungef\u00e4r f\u00f6ljande aprop\u00e5 storytelling, i en mkt fritt \u00f6versatt text som jag tolkat lite p\u00e5 mitt eget s\u00e4tt sen jag hittade den hos Fast Company:<\/p>\n<p><!--more--><br \/>\nT\u00e4nk p\u00e5 era f\u00f6retag som kulturer fyllda av ber\u00e4ttelser. Ta vara p\u00e5 varje tillf\u00e4lle att framf\u00f6ra dessa ber\u00e4ttelser, denna folklore, p\u00e5 nya sp\u00e4nnande s\u00e4tt. Erfarenheterna som finns lagrade i ber\u00e4ttelserna om f\u00f6retaget, produkterna eller tj\u00e4nsterna \u00e4r lika mycket v\u00e4rda som de erfarenheter som finns i etnologin eller som den som uttrycks i konsten i samh\u00e4llet.<br \/>\nF\u00f6retagsledarens uppgift, som traditionsb\u00e4rare, \u00e4r lika viktig som den uppgift som ligger p\u00e5 en sk\u00e5despelare, en artist eller en f\u00f6rfattare i kulturarbetarsf\u00e4ren.<br \/>\nGenom att utveckla karakt\u00e4rer, b\u00e5de hj\u00e4ltar och skurkar, genom att dramatisera verkligheten och ber\u00e4tta om den, kan vi ladda v\u00e5ra varor och ibland v\u00e5ra kanske sv\u00e5rdefinierade tj\u00e4nster med k\u00e4nslor, associationer och personligheter.<br \/>\n++++++++++++++++++++++++++<br \/>\nJag tycker Adrian Caddy uttrycker det hela mycket bra \u00e4ven om jag skruvat lite, allt finns f\u00f6r honom under rubriken Lev ditt varum\u00e4rke. Han har iaf ett passionerat s\u00e4tt att se p\u00e5 Corporate Storytelling som jag tilltalas av och sj\u00e4lv st\u00e5r f\u00f6r.<br \/>\nPrecis som komikern m\u00e5ste f\u00f6rbereda sig genom att l\u00e4ra sig sina ber\u00e4ttelser s\u00e5 kan Corporate Storytellern h\u00e4mta ber\u00e4ttelser som l\u00e4ngtar efter att sk\u00f6rdas mitt i verkligheten och f\u00f6r att d\u00e4refter framf\u00f6ra sin organisations viktigaste stories.<br \/>\nDet \u00e4r just sk\u00f6rdeprocessen som \u00e4r f\u00f6ruts\u00e4ttningen f\u00f6r strategisk storytelling i f\u00f6retag och organisationer. Sk\u00e5despelaren och artisten har ofta sina f\u00e4rdigskrivna litter\u00e4ra manus.<br \/>\nCorporate Storytellern d\u00e4remot \u00e4r mer dokument\u00e4rt inriktad och menar att alla manusen redan finns lagrade i verkligheten och att ber\u00e4ttelserna egentligen bara beh\u00f6ver sk\u00f6rdas och snyggas till dramaturgiskt innan de s\u00e4tts i arbete f\u00f6r att ladda varum\u00e4rket.<br \/>\nPrecis samma sak som g\u00e4ller tribens, eller nationens, FNs eller unionens ber\u00e4ttelser!<\/p>\n","protected":false},"excerpt":{"rendered":"<p>Att be en kreativ person kl\u00e4cka en bra id\u00e9 r\u00e4tt av p\u00e5 ett stort m\u00f6te \u00e4r som att g\u00e5 fram till en komiker och uppmana honom eller henne s\u00e4ga n\u00e5got roligt. Det h\u00e4vdar Adrian Caddy, som skriver ungef\u00e4r f\u00f6ljande aprop\u00e5 storytelling, i en mkt fritt \u00f6versatt text som jag tolkat lite p\u00e5 mitt eget s\u00e4tt&#8230;<\/p>\n","protected":false},"author":2,"featured_media":0,"comment_status":"open","ping_status":"closed","sticky":false,"template":"","format":"standard","meta":[],"categories":[2],"tags":[],"_links":{"self":[{"href":"https:\/\/storytellers.se\/index.php?rest_route=\/wp\/v2\/posts\/1502"}],"collection":[{"href":"https:\/\/storytellers.se\/index.php?rest_route=\/wp\/v2\/posts"}],"about":[{"href":"https:\/\/storytellers.se\/index.php?rest_route=\/wp\/v2\/types\/post"}],"author":[{"embeddable":true,"href":"https:\/\/storytellers.se\/index.php?rest_route=\/wp\/v2\/users\/2"}],"replies":[{"embeddable":true,"href":"https:\/\/storytellers.se\/index.php?rest_route=%2Fwp%2Fv2%2Fcomments&post=1502"}],"version-history":[{"count":0,"href":"https:\/\/storytellers.se\/index.php?rest_route=\/wp\/v2\/posts\/1502\/revisions"}],"wp:attachment":[{"href":"https:\/\/storytellers.se\/index.php?rest_route=%2Fwp%2Fv2%2Fmedia&parent=1502"}],"wp:term":[{"taxonomy":"category","embeddable":true,"href":"https:\/\/storytellers.se\/index.php?rest_route=%2Fwp%2Fv2%2Fcategories&post=1502"},{"taxonomy":"post_tag","embeddable":true,"href":"https:\/\/storytellers.se\/index.php?rest_route=%2Fwp%2Fv2%2Ftags&post=1502"}],"curies":[{"name":"wp","href":"https:\/\/api.w.org\/{rel}","templated":true}]}}