{"id":1500,"date":"2007-07-18T10:58:57","date_gmt":"2007-07-18T09:58:57","guid":{"rendered":"http:\/\/heijbel.wordpress.com\/2007\/07\/18\/15-veckors-distanskurs"},"modified":"2007-07-18T10:58:57","modified_gmt":"2007-07-18T09:58:57","slug":"15-veckors-distanskurs","status":"publish","type":"post","link":"https:\/\/storytellers.se\/?p=1500","title":{"rendered":"15 veckors distanskurs"},"content":{"rendered":"<p>1 september startar en 15 veckors distanskurs p\u00e5 temat Storytelling i organisationer p\u00e5 Berghs School of Communication. Det \u00e4r jag som helt och h\u00e5llet h\u00e5ller i den p\u00e5 uppdrag av Berghs. Kursen kommer att&#8230;<\/p>\n<p><!--more--><br \/>\n&#8230;h\u00e5llas i ett virtuellt klassrum. Men den inleds och avslutas med heldagar p\u00e5 plats i skolans lokaler i Stockholm.<br \/>\nOBS denna kurs avbr\u00f6ts. Mer info f\u00e5r du av mig via storytellerakademin@storytellers.se<br \/>\nDet h\u00e4r \u00e4r en kurs som utg\u00e5r fr\u00e5n f\u00f6retag och organisationer. Sanna ber\u00e4ttelser kan anv\u00e4ndas i varum\u00e4rkesbyggande, marknadsf\u00f6ring, rekrytering och organisationsutveckling. Perspektivet \u00e4r allts\u00e5 storytelling s\u00e5 som den hanteras h\u00e4r p\u00e5 storytellers.se.<br \/>\nDet kommer att bli v\u00e4ldigt sp\u00e4nnande med det virtuella klassrummet som inneb\u00e4r att kursen har en egen webbplats d\u00e4r allt finns samlat och d\u00e4r vi kommunicerar. Jag kommer att l\u00e4gga kommentarer och l\u00e4nkar d\u00e4r och jag kommer ocks\u00e5, inf\u00f6r och efter varje kursmoment, att tala filmad direkt till kursdeltagarna.<br \/>\nVar och en kan f\u00f6rst\u00e5s sj\u00e4lv g\u00e5 in n\u00e4r det passar honom eller henne. Skolan har en it-specialist som guidar den som k\u00e4nner sig os\u00e4ker med hur man hanterar det virtuella klassrummet.<br \/>\nJag tror att det virtuella klassrummet har flera pedagogiska f\u00f6rdelar j\u00e4mf\u00f6rt med klassrumsf\u00f6rel\u00e4sning i vanliga livet. Var och en kan f\u00e5 mer utrymme.<br \/>\nMan kan tro att det bara \u00e4r m\u00e4nniskor som bor l\u00e5ngt bort fr\u00e5n Stockholm som v\u00e4ljer distanskurs. Det st\u00e4mmer ocks\u00e5 till viss del. En del bor inte i Sverige och en del bor i landet men l\u00e5ngt bort fr\u00e5n Stockholm. Men det \u00e4r faktiskt ocks\u00e5 s\u00e5 att \u00e4ven stockholmsbaserade m\u00e4nniskor, som av en eller annan anledning vill studera just n\u00e4r det passar honom eller henne p\u00e5 dygnet, v\u00e4ljer distansutbildning.<br \/>\nL\u00e4s mer om kursbeskrivningen <a href=\"http:\/\/www.berghs.se\/page\/162\/505\">h\u00e4r<\/a>. Om du inte kommer rakt till kurssidan s\u00e5 klickar du f\u00f6rst p\u00e5 distanskurser, sen p\u00e5 Storytelling i organisationer.<br \/>\nDu f\u00e5r g\u00e4rna kontakta mig direkt ocks\u00e5 via mejl, matts@storytellers.se om du vill h\u00f6ra n\u00e4rmare om kursen Storytelling i Organisationer p\u00e5 Berghs School of Communication h\u00f6sten 2007.<br \/>\nVi anv\u00e4nder <a href=\"http:\/\/www.luvit.com\/products\/education.aspx\">Luvit<\/a> som webbaserat klassrum.<\/p>\n","protected":false},"excerpt":{"rendered":"<p>1 september startar en 15 veckors distanskurs p\u00e5 temat Storytelling i organisationer p\u00e5 Berghs School of Communication. Det \u00e4r jag som helt och h\u00e5llet h\u00e5ller i den p\u00e5 uppdrag av Berghs. Kursen kommer att&#8230;<\/p>\n","protected":false},"author":2,"featured_media":0,"comment_status":"open","ping_status":"closed","sticky":false,"template":"","format":"standard","meta":[],"categories":[9],"tags":[],"_links":{"self":[{"href":"https:\/\/storytellers.se\/index.php?rest_route=\/wp\/v2\/posts\/1500"}],"collection":[{"href":"https:\/\/storytellers.se\/index.php?rest_route=\/wp\/v2\/posts"}],"about":[{"href":"https:\/\/storytellers.se\/index.php?rest_route=\/wp\/v2\/types\/post"}],"author":[{"embeddable":true,"href":"https:\/\/storytellers.se\/index.php?rest_route=\/wp\/v2\/users\/2"}],"replies":[{"embeddable":true,"href":"https:\/\/storytellers.se\/index.php?rest_route=%2Fwp%2Fv2%2Fcomments&post=1500"}],"version-history":[{"count":0,"href":"https:\/\/storytellers.se\/index.php?rest_route=\/wp\/v2\/posts\/1500\/revisions"}],"wp:attachment":[{"href":"https:\/\/storytellers.se\/index.php?rest_route=%2Fwp%2Fv2%2Fmedia&parent=1500"}],"wp:term":[{"taxonomy":"category","embeddable":true,"href":"https:\/\/storytellers.se\/index.php?rest_route=%2Fwp%2Fv2%2Fcategories&post=1500"},{"taxonomy":"post_tag","embeddable":true,"href":"https:\/\/storytellers.se\/index.php?rest_route=%2Fwp%2Fv2%2Ftags&post=1500"}],"curies":[{"name":"wp","href":"https:\/\/api.w.org\/{rel}","templated":true}]}}