{"id":1488,"date":"2007-07-11T15:13:53","date_gmt":"2007-07-11T14:13:53","guid":{"rendered":"http:\/\/heijbel.wordpress.com\/2007\/07\/11\/verkligt-eller-pahittat"},"modified":"2007-07-11T15:13:53","modified_gmt":"2007-07-11T14:13:53","slug":"verkligt-eller-pahittat","status":"publish","type":"post","link":"https:\/\/storytellers.se\/?p=1488","title":{"rendered":"Verkligt eller p\u00e5hittat?"},"content":{"rendered":"<p>Fr\u00e5ga:<br \/>\nM\u00e5ste storyn vara sann?<br \/>\nSvar:<br \/>\nDetta \u00e4r f\u00f6rst\u00e5s en av de vanligaste fr\u00e5gorna och i grunden n\u00e4ra nog en existentiell fr\u00e5ga. Men det \u00e4r ingen fara. Det g\u00e5r att hantera. N\u00e4r det g\u00e4ller organisationsber\u00e4ttande s\u00e5 l\u00e4r&#8230;<\/p>\n<p><!--more--><br \/>\n&#8230;den gamle f\u00f6rgrundsgestalten <a href=\"http:\/\/www.cognitive-edge.com\/files\/David-Snowden.pdf\">Dave Snowden<\/a> ha sagt att det finns en paradox n\u00e4r man sk\u00f6rdar Corporate Stories. Den l\u00e5ter d\u00e5 ungef\u00e4r s\u00e5 h\u00e4r:<br \/>\nOm du tvingar folk att s\u00e4ga sanningen s\u00e5 kommer de att ljuga f\u00f6r dig. Om du d\u00e4remot till\u00e5ter dem att ljuga f\u00f6r dig s\u00e5 kommer du att f\u00e5 h\u00f6ra sanningen.<br \/>\nJag sj\u00e4lv brukar s\u00e4ga att det handlar om det upplevda eller det rimliga. S\u00e5 \u00e4r det, brukar t ex ibland traditonsb\u00e4rarna s\u00e4ga till mig. S\u00e5 g\u00e5r det till h\u00e4r, till\u00e4gger n\u00e5gon. Det d\u00e4r \u00e4r n\u00e5got jag h\u00f6rde om en annan medarbetare, jag vet inte riktigt vem det var, s\u00e4ger en tredje.<br \/>\nDet \u00e4r allts\u00e5 inte A &amp; O att alltid ha full k\u00e4llkoll med sig n\u00e4r man b\u00f6rjar sk\u00f6rda bland organisationsber\u00e4ttelserna. D\u00e4remot \u00e4r det viktigt att veta varf\u00f6r man sk\u00f6rdar just den ber\u00e4ttelsen och vad man hoppas den ska kunna g\u00f6ra f\u00f6r nytta.<br \/>\nIbland beh\u00f6vs en omskrivning f\u00f6r att g\u00f6ra kulturen och kompetensen synlig. Det \u00e4r s\u00e5 vi kommunicerar, vi m\u00e4nniskor.<br \/>\nPo\u00e4ngen \u00e4r att vi som h\u00e5ller p\u00e5 med Corporate Storytelling inte sitter och hittar p\u00e5 scenarier utan att vi ist\u00e4llet h\u00e4mtar kunskap fr\u00e5n m\u00e4nniskorna som har med verksamheten att g\u00f6ra. Vi l\u00e5ter deras kompetens och insikter g\u00f6ra verkligheten synlig. Manus till v\u00e5ra ber\u00e4ttelser finns helt enkelt i verkligheten.<br \/>\nAllt det d\u00e4r blir ganska uppenbart n\u00e4r man l\u00e4gger upp sin strategi och ger sig in i ett projekt.<\/p>\n","protected":false},"excerpt":{"rendered":"<p>Fr\u00e5ga: M\u00e5ste storyn vara sann? Svar: Detta \u00e4r f\u00f6rst\u00e5s en av de vanligaste fr\u00e5gorna och i grunden n\u00e4ra nog en existentiell fr\u00e5ga. Men det \u00e4r ingen fara. Det g\u00e5r att hantera. N\u00e4r det g\u00e4ller organisationsber\u00e4ttande s\u00e5 l\u00e4r&#8230;<\/p>\n","protected":false},"author":2,"featured_media":0,"comment_status":"open","ping_status":"closed","sticky":false,"template":"","format":"standard","meta":[],"categories":[6],"tags":[],"_links":{"self":[{"href":"https:\/\/storytellers.se\/index.php?rest_route=\/wp\/v2\/posts\/1488"}],"collection":[{"href":"https:\/\/storytellers.se\/index.php?rest_route=\/wp\/v2\/posts"}],"about":[{"href":"https:\/\/storytellers.se\/index.php?rest_route=\/wp\/v2\/types\/post"}],"author":[{"embeddable":true,"href":"https:\/\/storytellers.se\/index.php?rest_route=\/wp\/v2\/users\/2"}],"replies":[{"embeddable":true,"href":"https:\/\/storytellers.se\/index.php?rest_route=%2Fwp%2Fv2%2Fcomments&post=1488"}],"version-history":[{"count":0,"href":"https:\/\/storytellers.se\/index.php?rest_route=\/wp\/v2\/posts\/1488\/revisions"}],"wp:attachment":[{"href":"https:\/\/storytellers.se\/index.php?rest_route=%2Fwp%2Fv2%2Fmedia&parent=1488"}],"wp:term":[{"taxonomy":"category","embeddable":true,"href":"https:\/\/storytellers.se\/index.php?rest_route=%2Fwp%2Fv2%2Fcategories&post=1488"},{"taxonomy":"post_tag","embeddable":true,"href":"https:\/\/storytellers.se\/index.php?rest_route=%2Fwp%2Fv2%2Ftags&post=1488"}],"curies":[{"name":"wp","href":"https:\/\/api.w.org\/{rel}","templated":true}]}}