{"id":1486,"date":"2007-07-10T16:33:39","date_gmt":"2007-07-10T15:33:39","guid":{"rendered":"http:\/\/heijbel.wordpress.com\/2007\/07\/10\/vi-ser-det-vi-vill"},"modified":"2007-07-10T16:33:39","modified_gmt":"2007-07-10T15:33:39","slug":"vi-ser-det-vi-vill","status":"publish","type":"post","link":"https:\/\/storytellers.se\/?p=1486","title":{"rendered":"Vi ser det vi vill"},"content":{"rendered":"<p>Jag l\u00e4ste n\u00e5gonstans en ber\u00e4ttelse som jag tycker visar n\u00e5got som alla egentligen innerst inne f\u00f6rst\u00e5r. N\u00e4mligen att vi v\u00e4ljer v\u00e5r historia, v\u00e5ra perspektiv och vad vi ser och ber\u00e4ttar vidare. L\u00e4s historien om mannen som kom till den lilla byn:<\/p>\n<p><!--more--><br \/>\nDet bodde en g\u00e5ng en gammal man i utkanten av en liten by. En dag kom en fr\u00e4mling g\u00e5ende utmed v\u00e4gen p\u00e5 v\u00e4g in mot byn. Fr\u00e4mlingen gick fram till den gamle och fr\u00e5gade:<br \/>\n\u2013 Hur \u00e4r folk i den h\u00e4r byn?<br \/>\nDen gamle mannen tittade upp p\u00e5 fr\u00e4mlingen och fr\u00e5gade:<br \/>\n\u2013 Hur tycker du att de \u00e4r i hemma i den byn d\u00e4r du kommer ifr\u00e5n?<br \/>\nDen resande s\u00e5g lite st\u00f6rd ut men svarade att hans by var s\u00e5 full av kriminalitet och v\u00e5ld att man inte kunde lita p\u00e5 folk \u00f6verhuvudtaget.<br \/>\nDen gamle mannen nickade sorgset p\u00e5 huvudet och svarade:<br \/>\n\u2013 Jag tror du kommer att tycka att det \u00e4r ungef\u00e4r samma sak h\u00e4r.<br \/>\nEn tid senare kom en annan fr\u00e4mling till byn. Han gick ocks\u00e5 fram till den gamle och fr\u00e5gade precis som den f\u00f6rre bes\u00f6karen:<br \/>\n\u2013 Hur \u00e4r folk i den h\u00e4r byn?<br \/>\nDen gamle mannen tittade upp p\u00e5 fr\u00e4mlingen och fr\u00e5gade:<br \/>\n\u2013 Hur tycker du att de \u00e4r hemma i den byn d\u00e4r du kommer ifr\u00e5n?<br \/>\nFr\u00e4mlingen ber\u00e4ttade d\u00e5 om alla v\u00e4nliga och empatiska m\u00e4nniskor som fanns hemma i hans by.<br \/>\nDen gamle mannen tittade upp p\u00e5 fr\u00e4mlingen och log. Sen sa han:<br \/>\n\u2013 Jaha, jag tror du kommer att tycka det samma om m\u00e4nniskorna h\u00e4r i byn.<br \/>\n+++++++++++++++++++<br \/>\nDen h\u00e4r sagan ber\u00e4ttar jag f\u00f6r att visa att det f\u00f6rst\u00e5s finns olika perspektiv och tolkningar n\u00e4r vi talar om en milj\u00f6 eller en organisation. Den \u00e4r r\u00e4tt bra som metafor. N\u00e4r man n\u00e4rmar sig ett v\u00e4rld som, liksom alla m\u00e4nskliga v\u00e4rldar, h\u00e5lls samman av tusentals ber\u00e4ttelser av vilka vi strategiskt kanske \u00e4r intresserade i f\u00f6rsta hand av n\u00e5gra dussin n\u00e4r vi arbetar med Corporate Storytelling.<br \/>\nVilka ing\u00e5ngsv\u00e4rden har vi och vad v\u00e4ljer vi att se? Vilka \u00e4r v\u00e5ra \u00f6gon?<\/p>\n","protected":false},"excerpt":{"rendered":"<p>Jag l\u00e4ste n\u00e5gonstans en ber\u00e4ttelse som jag tycker visar n\u00e5got som alla egentligen innerst inne f\u00f6rst\u00e5r. N\u00e4mligen att vi v\u00e4ljer v\u00e5r historia, v\u00e5ra perspektiv och vad vi ser och ber\u00e4ttar vidare. L\u00e4s historien om mannen som kom till den lilla byn:<\/p>\n","protected":false},"author":2,"featured_media":0,"comment_status":"open","ping_status":"closed","sticky":false,"template":"","format":"standard","meta":[],"categories":[10],"tags":[],"_links":{"self":[{"href":"https:\/\/storytellers.se\/index.php?rest_route=\/wp\/v2\/posts\/1486"}],"collection":[{"href":"https:\/\/storytellers.se\/index.php?rest_route=\/wp\/v2\/posts"}],"about":[{"href":"https:\/\/storytellers.se\/index.php?rest_route=\/wp\/v2\/types\/post"}],"author":[{"embeddable":true,"href":"https:\/\/storytellers.se\/index.php?rest_route=\/wp\/v2\/users\/2"}],"replies":[{"embeddable":true,"href":"https:\/\/storytellers.se\/index.php?rest_route=%2Fwp%2Fv2%2Fcomments&post=1486"}],"version-history":[{"count":0,"href":"https:\/\/storytellers.se\/index.php?rest_route=\/wp\/v2\/posts\/1486\/revisions"}],"wp:attachment":[{"href":"https:\/\/storytellers.se\/index.php?rest_route=%2Fwp%2Fv2%2Fmedia&parent=1486"}],"wp:term":[{"taxonomy":"category","embeddable":true,"href":"https:\/\/storytellers.se\/index.php?rest_route=%2Fwp%2Fv2%2Fcategories&post=1486"},{"taxonomy":"post_tag","embeddable":true,"href":"https:\/\/storytellers.se\/index.php?rest_route=%2Fwp%2Fv2%2Ftags&post=1486"}],"curies":[{"name":"wp","href":"https:\/\/api.w.org\/{rel}","templated":true}]}}