{"id":1484,"date":"2007-07-10T11:51:18","date_gmt":"2007-07-10T10:51:18","guid":{"rendered":"http:\/\/heijbel.wordpress.com\/2007\/07\/10\/hur-far-man-berattelser"},"modified":"2007-07-10T11:51:18","modified_gmt":"2007-07-10T10:51:18","slug":"hur-far-man-berattelser","status":"publish","type":"post","link":"https:\/\/storytellers.se\/?p=1484","title":{"rendered":"Hur f\u00e5r man ber\u00e4ttelser?"},"content":{"rendered":"<p>Jag f\u00e5r ofta h\u00f6ra fr\u00e5n engagerade och storyintresserade m\u00e4nniskor i f\u00f6retag eller organisationer att de har f\u00f6rs\u00f6kt f\u00e5 fram stories p\u00e5 olika s\u00e4tt. De har bett om historier. Skicka via mail, ring och ber\u00e4tta, f\u00e5nga mig i korridoren och liknande har de sagt till sina arbetskamrater. Men ingenting h\u00e4nder. Ofta har de inte f\u00e5tt ett enda napp.<\/p>\n<p><!--more--><br \/>\nDe kanske har bett att f\u00e5 in ber\u00e4ttelser till intran\u00e4tet eller veckobrevet.<br \/>\nMen att bara be folk r\u00e4tt av att ber\u00e4tta f\u00f6retagshistorier ger s\u00e4llan napp. M\u00e4nniskor som inte har satt sig in i de h\u00e4r perspektiven f\u00f6rst\u00e5r helt enkelt inte vad den som fr\u00e5gar menar. Vad d\u00e5 f\u00f6retagshistorier?<br \/>\nJag f\u00e5r ibland h\u00f6ra, n\u00e4r jag kommer ny till en organisaton f\u00f6r att f\u00f6rbereda en sk\u00f6rd, att h\u00e4r finns inga ber\u00e4ttelser. Eller om det finns stories h\u00e4r s\u00e5 vill du \u00e4nd\u00e5 inte h\u00f6ra dem.<br \/>\nS\u00e5 \u00e4r det f\u00f6rst\u00e5s inte. Alla m\u00e4nskliga sammanhang h\u00e5lls ihop av ber\u00e4ttelser och anekdoter som ber\u00e4ttar om viktiga erfarenheter och som pekar p\u00e5 b\u00e4rande v\u00e4rderingar och som \u00f6verf\u00f6r viktig kunskap f\u00f6r gruppens \u00f6verlevnad.<br \/>\nVi ing\u00e5r alla i s\u00e5dana organisatoriska sammanhang och \u00e4r d\u00e4rmed automatiskt traditionsb\u00e4rare. Det ing\u00e5r liksom i rollen att vara m\u00e4nniska.<br \/>\nArbetar man med Corporate Storytelling s\u00e5 \u00e4r detta en sj\u00e4lvklar utg\u00e5ngspunkt. Sen g\u00e4ller det att utveckla metoder att s\u00f6ka, sk\u00f6rda och anv\u00e4nda dessa ber\u00e4ttelser. Det \u00e4r det den h\u00e4r webbplatsen envist handlar om.<\/p>\n","protected":false},"excerpt":{"rendered":"<p>Jag f\u00e5r ofta h\u00f6ra fr\u00e5n engagerade och storyintresserade m\u00e4nniskor i f\u00f6retag eller organisationer att de har f\u00f6rs\u00f6kt f\u00e5 fram stories p\u00e5 olika s\u00e4tt. De har bett om historier. Skicka via mail, ring och ber\u00e4tta, f\u00e5nga mig i korridoren och liknande har de sagt till sina arbetskamrater. Men ingenting h\u00e4nder. Ofta har de inte f\u00e5tt ett&#8230;<\/p>\n","protected":false},"author":2,"featured_media":0,"comment_status":"open","ping_status":"closed","sticky":false,"template":"","format":"standard","meta":[],"categories":[2],"tags":[],"_links":{"self":[{"href":"https:\/\/storytellers.se\/index.php?rest_route=\/wp\/v2\/posts\/1484"}],"collection":[{"href":"https:\/\/storytellers.se\/index.php?rest_route=\/wp\/v2\/posts"}],"about":[{"href":"https:\/\/storytellers.se\/index.php?rest_route=\/wp\/v2\/types\/post"}],"author":[{"embeddable":true,"href":"https:\/\/storytellers.se\/index.php?rest_route=\/wp\/v2\/users\/2"}],"replies":[{"embeddable":true,"href":"https:\/\/storytellers.se\/index.php?rest_route=%2Fwp%2Fv2%2Fcomments&post=1484"}],"version-history":[{"count":0,"href":"https:\/\/storytellers.se\/index.php?rest_route=\/wp\/v2\/posts\/1484\/revisions"}],"wp:attachment":[{"href":"https:\/\/storytellers.se\/index.php?rest_route=%2Fwp%2Fv2%2Fmedia&parent=1484"}],"wp:term":[{"taxonomy":"category","embeddable":true,"href":"https:\/\/storytellers.se\/index.php?rest_route=%2Fwp%2Fv2%2Fcategories&post=1484"},{"taxonomy":"post_tag","embeddable":true,"href":"https:\/\/storytellers.se\/index.php?rest_route=%2Fwp%2Fv2%2Ftags&post=1484"}],"curies":[{"name":"wp","href":"https:\/\/api.w.org\/{rel}","templated":true}]}}