{"id":1480,"date":"2007-07-05T19:48:47","date_gmt":"2007-07-05T18:48:47","guid":{"rendered":"http:\/\/heijbel.wordpress.com\/2007\/07\/05\/storytelling-som-film"},"modified":"2007-07-05T19:48:47","modified_gmt":"2007-07-05T18:48:47","slug":"storytelling-som-film","status":"publish","type":"post","link":"https:\/\/storytellers.se\/?p=1480","title":{"rendered":"Storytelling som film"},"content":{"rendered":"<p>Jag har genom \u00e5ren varit inblandad i ett antal filmprojekt som handlat om Corporate Storytelling i filmformat. Ibland kallar vi det Digital Storytelling, d\u00e5 menar vi storytelling f\u00e5ngad i ett digitalt format. Men det finns tyv\u00e4rr en begreppsf\u00f6rvirring.<\/p>\n<p><!--more--><br \/>\nDet finns t ex en vanlig spelfilm som heter just Storytelling.<br \/>\nOch Digital Storytelling brukar i Sverige kunna betyda att en m\u00e4nniska har en kamera framf\u00f6r sig och ber\u00e4ttar om sitt liv eller vad hon k\u00e4nner och tycker om sin tillvaro. Ett slags uttryck-dig-sj\u00e4lv-performance ofta med n\u00e4stan terapeutiska undertoner.<br \/>\nHur som helst.<br \/>\nDu som bes\u00f6ker storytellers.se \u00e4r h\u00e4r f\u00f6r att du \u00e4r intresserad av storytelling i f\u00f6retag och organisationer. Corporate Storytelling handlar h\u00e4r om att samla organisationens ber\u00e4ttelser f\u00f6r att ladda varum\u00e4rket eller st\u00e4rka f\u00f6retagskulturen f\u00f6r att exempelvis locka kunder eller f\u00f6r att l\u00e4ttare kunna rekrytera l\u00e4mpliga personer.<br \/>\nEn del av en medveten kommunikationsstrategi allts\u00e5.<br \/>\nOm vi ser det s\u00e5 blir f\u00f6rst\u00e5s det moderna, l\u00e4tta filmmediet sp\u00e4nnande. Just nu h\u00e5ller vi exempelvis p\u00e5 med filmatiserad Corporate Storytelling f\u00f6r ett f\u00f6retag. Vi har ett antropologiskt perspektiv d\u00e4r organisationens sanna ber\u00e4ttelser om sig sj\u00e4lv ers\u00e4tter vanlig faktabaserad historieinformation.<br \/>\nJag unders\u00f6ker &#8221;triben&#8221; och ber\u00e4ttar om dess uppgift i samh\u00e4llet genom ber\u00e4ttelser om och av medlemmarna i flocken och om och av deras intressenter. Tanken \u00e4r att ber\u00f6ra och att lyssnaren\/tittaren sj\u00e4lv ska kunna addera sina egna tankar, k\u00e4nslor och erfarenheter och uppleva meningen med denna verksamhet.<br \/>\nDetta \u00e4r en emotionell strategi som blir ett komplement till den vanliga logiska faktakulturen.<br \/>\nDet g\u00e5r allts\u00e5 att f\u00e5nga Corporate Stories p\u00e5 papper eller n\u00e4t. Eller i ljud eller i ljud och r\u00f6rlig bild. Ytterst \u00e4r det kanske \u00e4nd\u00e5 den muntliga ber\u00e4ttelsen fr\u00e5n mun till mun som vi efterstr\u00e4var. Men d\u00e5 m\u00e5ste vi leverera.<br \/>\nExempelvis genom Digital Corporate Storytelling.<\/p>\n","protected":false},"excerpt":{"rendered":"<p>Jag har genom \u00e5ren varit inblandad i ett antal filmprojekt som handlat om Corporate Storytelling i filmformat. Ibland kallar vi det Digital Storytelling, d\u00e5 menar vi storytelling f\u00e5ngad i ett digitalt format. Men det finns tyv\u00e4rr en begreppsf\u00f6rvirring.<\/p>\n","protected":false},"author":2,"featured_media":0,"comment_status":"open","ping_status":"closed","sticky":false,"template":"","format":"standard","meta":[],"categories":[2],"tags":[],"_links":{"self":[{"href":"https:\/\/storytellers.se\/index.php?rest_route=\/wp\/v2\/posts\/1480"}],"collection":[{"href":"https:\/\/storytellers.se\/index.php?rest_route=\/wp\/v2\/posts"}],"about":[{"href":"https:\/\/storytellers.se\/index.php?rest_route=\/wp\/v2\/types\/post"}],"author":[{"embeddable":true,"href":"https:\/\/storytellers.se\/index.php?rest_route=\/wp\/v2\/users\/2"}],"replies":[{"embeddable":true,"href":"https:\/\/storytellers.se\/index.php?rest_route=%2Fwp%2Fv2%2Fcomments&post=1480"}],"version-history":[{"count":0,"href":"https:\/\/storytellers.se\/index.php?rest_route=\/wp\/v2\/posts\/1480\/revisions"}],"wp:attachment":[{"href":"https:\/\/storytellers.se\/index.php?rest_route=%2Fwp%2Fv2%2Fmedia&parent=1480"}],"wp:term":[{"taxonomy":"category","embeddable":true,"href":"https:\/\/storytellers.se\/index.php?rest_route=%2Fwp%2Fv2%2Fcategories&post=1480"},{"taxonomy":"post_tag","embeddable":true,"href":"https:\/\/storytellers.se\/index.php?rest_route=%2Fwp%2Fv2%2Ftags&post=1480"}],"curies":[{"name":"wp","href":"https:\/\/api.w.org\/{rel}","templated":true}]}}