{"id":1472,"date":"2007-06-28T16:18:57","date_gmt":"2007-06-28T15:18:57","guid":{"rendered":"http:\/\/heijbel.wordpress.com\/2007\/06\/28\/upphandlad-av-huddinge"},"modified":"2007-06-28T16:18:57","modified_gmt":"2007-06-28T15:18:57","slug":"upphandlad-av-huddinge","status":"publish","type":"post","link":"https:\/\/storytellers.se\/?p=1472","title":{"rendered":"Upphandlad av Huddinge"},"content":{"rendered":"<p>Nu f\u00e5r Huddinge Kommun tillg\u00e5ng till spetskompetens inom Corporate Storytelling. Jag ing\u00e5r som underleverant\u00f6r i den upphandling som vunnits av bl a Tullbergs Kommunikationsbyr\u00e5.<\/p>\n","protected":false},"excerpt":{"rendered":"<p>Nu f\u00e5r Huddinge Kommun tillg\u00e5ng till spetskompetens inom Corporate Storytelling. Jag ing\u00e5r som underleverant\u00f6r i den upphandling som vunnits av bl a Tullbergs Kommunikationsbyr\u00e5.<\/p>\n","protected":false},"author":2,"featured_media":0,"comment_status":"open","ping_status":"closed","sticky":false,"template":"","format":"standard","meta":[],"categories":[9],"tags":[],"_links":{"self":[{"href":"https:\/\/storytellers.se\/index.php?rest_route=\/wp\/v2\/posts\/1472"}],"collection":[{"href":"https:\/\/storytellers.se\/index.php?rest_route=\/wp\/v2\/posts"}],"about":[{"href":"https:\/\/storytellers.se\/index.php?rest_route=\/wp\/v2\/types\/post"}],"author":[{"embeddable":true,"href":"https:\/\/storytellers.se\/index.php?rest_route=\/wp\/v2\/users\/2"}],"replies":[{"embeddable":true,"href":"https:\/\/storytellers.se\/index.php?rest_route=%2Fwp%2Fv2%2Fcomments&post=1472"}],"version-history":[{"count":0,"href":"https:\/\/storytellers.se\/index.php?rest_route=\/wp\/v2\/posts\/1472\/revisions"}],"wp:attachment":[{"href":"https:\/\/storytellers.se\/index.php?rest_route=%2Fwp%2Fv2%2Fmedia&parent=1472"}],"wp:term":[{"taxonomy":"category","embeddable":true,"href":"https:\/\/storytellers.se\/index.php?rest_route=%2Fwp%2Fv2%2Fcategories&post=1472"},{"taxonomy":"post_tag","embeddable":true,"href":"https:\/\/storytellers.se\/index.php?rest_route=%2Fwp%2Fv2%2Ftags&post=1472"}],"curies":[{"name":"wp","href":"https:\/\/api.w.org\/{rel}","templated":true}]}}