{"id":1468,"date":"2007-06-25T17:01:54","date_gmt":"2007-06-25T16:01:54","guid":{"rendered":"http:\/\/heijbel.wordpress.com\/2007\/06\/25\/emotioner-bakom-bilval"},"modified":"2007-06-25T17:01:54","modified_gmt":"2007-06-25T16:01:54","slug":"emotioner-bakom-bilval","status":"publish","type":"post","link":"https:\/\/storytellers.se\/?p=1468","title":{"rendered":"Emotioner bakom bilval"},"content":{"rendered":"<p>Jag har tidigare h\u00e4r p\u00e5 storytellers.se ber\u00e4ttat om amerikanska unders\u00f6kningar som visar att valet av bil \u00e4r bland det mest Word of Mouth-styrda val den v\u00e4sterl\u00e4ndska konsumtionsm\u00e4nniskan g\u00f6r. Nu kommer en svensk rapport som st\u00e4rker bilden&#8230;<\/p>\n<p><!--more--><br \/>\n&#8230;av m\u00e4nniskan bakom bilen och hennes val. Det \u00e4r TNS Automotive som p\u00e5st\u00e5r sig ha en ny unik <a href=\"http:\/\/www.sportbilen.se\/press.php?id=1430\">unders\u00f6kning<\/a> om bilm\u00e4rkenas image i Sverige.<br \/>\nDu \u00e4r vad k\u00f6r, s\u00e4ger man och bekr\u00e4ftar Volvos gamla sossecontainerstatus samt bilden av Mercedes- och BMW-\u00e4garen som en m\u00e4nniska som vill signalera makt, f\u00f6retagsamhet och elegans. Audif\u00f6raren antas vara moderat till sin politiska l\u00e4ggning.<br \/>\nDet \u00e4r f\u00f6rst\u00e5s s\u00e5 att n\u00e4r bilarna blir mer och mer lika n\u00e4r det g\u00e4ller utrustning, prestanda och prisbild inom sitt segment s\u00e5 blir den emotionella \u00f6vertonen viktigare.<br \/>\nBiltillverkarna kommer allts\u00e5 sannolikt mer och mer att leverera emotionella ber\u00e4ttelser som merv\u00e4rden i sina erbjudanden, en typ av storytelling.<br \/>\nDetta \u00e4r en konst. Att spela med ber\u00e4ttelser kr\u00e4ver sin strategi och en noggrann planering s\u00e5 att man inte sp\u00e5rar ur, eller k\u00f6r i diket.<br \/>\nDe som v\u00e4ljer ett Corporate Storytellingperspektiv p\u00e5 detta kan i alla fall lugnt n\u00e4rma sig den upplevda sanna verkligheten n\u00e4r de vill addera emotionella stories till sina maskiner.<br \/>\nToyotas ber\u00e4ttelse om sn\u00f6ret som stoppar bandet n\u00e4r n\u00e5got g\u00e5r snett \u00e4r en story som inte talar om h\u00e4stkrafter och metallic-lack utan om den syn p\u00e5 kvalitetsarbete som s\u00e4kert p\u00e5verkat m\u00e5nga bilk\u00f6pare att v\u00e4lja Toyota.<br \/>\nToyotaf\u00f6raren \u00e4r f\u00f6rresten, enligt TNS Automotive, en person driven av social r\u00e4ttvisa, v\u00e4nskap och samh\u00f6righet. Dessutom \u00e4r Toyotaf\u00f6raren intresserad av milj\u00f6fr\u00e5gor.<\/p>\n","protected":false},"excerpt":{"rendered":"<p>Jag har tidigare h\u00e4r p\u00e5 storytellers.se ber\u00e4ttat om amerikanska unders\u00f6kningar som visar att valet av bil \u00e4r bland det mest Word of Mouth-styrda val den v\u00e4sterl\u00e4ndska konsumtionsm\u00e4nniskan g\u00f6r. Nu kommer en svensk rapport som st\u00e4rker bilden&#8230;<\/p>\n","protected":false},"author":2,"featured_media":0,"comment_status":"open","ping_status":"closed","sticky":false,"template":"","format":"standard","meta":[],"categories":[2],"tags":[],"_links":{"self":[{"href":"https:\/\/storytellers.se\/index.php?rest_route=\/wp\/v2\/posts\/1468"}],"collection":[{"href":"https:\/\/storytellers.se\/index.php?rest_route=\/wp\/v2\/posts"}],"about":[{"href":"https:\/\/storytellers.se\/index.php?rest_route=\/wp\/v2\/types\/post"}],"author":[{"embeddable":true,"href":"https:\/\/storytellers.se\/index.php?rest_route=\/wp\/v2\/users\/2"}],"replies":[{"embeddable":true,"href":"https:\/\/storytellers.se\/index.php?rest_route=%2Fwp%2Fv2%2Fcomments&post=1468"}],"version-history":[{"count":0,"href":"https:\/\/storytellers.se\/index.php?rest_route=\/wp\/v2\/posts\/1468\/revisions"}],"wp:attachment":[{"href":"https:\/\/storytellers.se\/index.php?rest_route=%2Fwp%2Fv2%2Fmedia&parent=1468"}],"wp:term":[{"taxonomy":"category","embeddable":true,"href":"https:\/\/storytellers.se\/index.php?rest_route=%2Fwp%2Fv2%2Fcategories&post=1468"},{"taxonomy":"post_tag","embeddable":true,"href":"https:\/\/storytellers.se\/index.php?rest_route=%2Fwp%2Fv2%2Ftags&post=1468"}],"curies":[{"name":"wp","href":"https:\/\/api.w.org\/{rel}","templated":true}]}}