{"id":1466,"date":"2007-06-22T13:59:45","date_gmt":"2007-06-22T12:59:45","guid":{"rendered":"http:\/\/heijbel.wordpress.com\/2007\/06\/22\/lyssna-eller-beratta"},"modified":"2007-06-22T13:59:45","modified_gmt":"2007-06-22T12:59:45","slug":"lyssna-eller-beratta","status":"publish","type":"post","link":"https:\/\/storytellers.se\/?p=1466","title":{"rendered":"Lyssna eller ber\u00e4tta?"},"content":{"rendered":"<p>Fr\u00e5ga:<br \/>\nHandlar Corporate Storytelling om att lyssna eller ber\u00e4tta?<br \/>\nSvar:<br \/>\nKul fr\u00e5ga. B\u00e5de och blir svaret. Det \u00e4r ju s\u00e5 h\u00e4r att&#8230;<\/p>\n<p><!--more--><br \/>\n&#8230;en Corporate Storyteller lyssnar ju i f\u00f6rsta hand av bruset i en organisation. Man \u00e4r d\u00e5 en storylistener om man s\u00e5 vill. Storytellern\/storylistenern vet att det finns ber\u00e4ttelser som kan sk\u00f6rdas f\u00f6r att sen &#8221;storytellas&#8221;.<br \/>\nJag brukar s\u00e4ga att varje organisation har tusen ber\u00e4ttelser. Nu ska vi se vilka 15-20 av dessa vi \u00e4r speciellt intresserade av i v\u00e5rt kommunikationsarbete.<br \/>\nDet \u00e4r f\u00f6rst\u00e5s s\u00e5 att sj\u00e4lva strategin inf\u00f6r Corporate Storytelling avg\u00f6r. Vad \u00e4r vi ute efter? Varf\u00f6r g\u00f6r vi detta?<br \/>\nN\u00e4r jag samlar ber\u00e4ttelser i olika f\u00f6retag och organisationer s\u00e5 lyssnar jag. Jag lyssnar noga och anv\u00e4nder all kunskap jag skaffat mig om organisationen ( och i livet rent allm\u00e4nt ) f\u00f6r att f\u00f6rst\u00e5 och tolka det jag h\u00f6r.<br \/>\nH\u00e4r har jag f\u00f6rst\u00e5s nytta av min antropologisk-etnologiska bakgrund. Jag jobbar som konsult. Inte som konstn\u00e4r eller artist \u00e4ven om jag exempelvis \u00e4r medlem i Sveriges F\u00f6rfattarf\u00f6rbund.<br \/>\nDessa ber\u00e4ttelser, som jag sk\u00f6rdat p\u00e5 uppdrag, kan sedan tolkas och anv\u00e4ndas f\u00f6r att g\u00f6ra verksamheten synlig p\u00e5 ett annat s\u00e4tt \u00e4n vad de konventionella f\u00f6retagsbeskrivningarna g\u00f6r i v\u00e5r managementskultur som domineras av \u00f6verv\u00e4gande faktuella br\u00f6sttoniga och m\u00e4tbara beskrivningar.<br \/>\nF\u00f6retagsfolkloren lever sitt eget liv och speglar verkligheten i organisationen utifr\u00e5n dem som vet vad det handlar om i vardagen.<br \/>\nOfta vill f\u00f6retagsledningen anv\u00e4nda denna resurs f\u00f6r att f\u00f6rst\u00e4rka kulturen och g\u00f6ra viktiga v\u00e4rderingar synliga med hj\u00e4lp av Corporate Storytelling. S\u00e5 jobbar jag d\u00e4rf\u00f6r n\u00e4stan hela tiden. Tanken \u00e4r d\u00e5 att lyssna av f\u00f6retagsfolkloren och att, med storytelling, f\u00f6rst\u00e4rka och \u00e5teranv\u00e4nda verkliga ber\u00e4ttelser f\u00f6r att n\u00e5 framg\u00e5ng.<br \/>\nS\u00e5 Corporate Storytelling kan, beroende p\u00e5 strategiskt perspektiv, f\u00f6rst\u00e4rka det nuvarande. Det kan ocks\u00e5 g\u00f6ra f\u00f6r\u00e4ndringsambitioner synliga genom att beskriva, kanske marginella, men \u00f6nskv\u00e4rda, beteenden som kan dra oss in i framtiden.<br \/>\nDet kallar jag Corporate Storytelling i f\u00f6r\u00e4ndringsprocessen.<br \/>\nS\u00e5: It takes a listener to be a teller!<\/p>\n","protected":false},"excerpt":{"rendered":"<p>Fr\u00e5ga: Handlar Corporate Storytelling om att lyssna eller ber\u00e4tta? Svar: Kul fr\u00e5ga. B\u00e5de och blir svaret. Det \u00e4r ju s\u00e5 h\u00e4r att&#8230;<\/p>\n","protected":false},"author":2,"featured_media":0,"comment_status":"open","ping_status":"closed","sticky":false,"template":"","format":"standard","meta":[],"categories":[6],"tags":[],"_links":{"self":[{"href":"https:\/\/storytellers.se\/index.php?rest_route=\/wp\/v2\/posts\/1466"}],"collection":[{"href":"https:\/\/storytellers.se\/index.php?rest_route=\/wp\/v2\/posts"}],"about":[{"href":"https:\/\/storytellers.se\/index.php?rest_route=\/wp\/v2\/types\/post"}],"author":[{"embeddable":true,"href":"https:\/\/storytellers.se\/index.php?rest_route=\/wp\/v2\/users\/2"}],"replies":[{"embeddable":true,"href":"https:\/\/storytellers.se\/index.php?rest_route=%2Fwp%2Fv2%2Fcomments&post=1466"}],"version-history":[{"count":0,"href":"https:\/\/storytellers.se\/index.php?rest_route=\/wp\/v2\/posts\/1466\/revisions"}],"wp:attachment":[{"href":"https:\/\/storytellers.se\/index.php?rest_route=%2Fwp%2Fv2%2Fmedia&parent=1466"}],"wp:term":[{"taxonomy":"category","embeddable":true,"href":"https:\/\/storytellers.se\/index.php?rest_route=%2Fwp%2Fv2%2Fcategories&post=1466"},{"taxonomy":"post_tag","embeddable":true,"href":"https:\/\/storytellers.se\/index.php?rest_route=%2Fwp%2Fv2%2Ftags&post=1466"}],"curies":[{"name":"wp","href":"https:\/\/api.w.org\/{rel}","templated":true}]}}