{"id":1464,"date":"2007-06-21T22:03:59","date_gmt":"2007-06-21T21:03:59","guid":{"rendered":"http:\/\/heijbel.wordpress.com\/2007\/06\/21\/en-forelasning"},"modified":"2007-06-21T22:03:59","modified_gmt":"2007-06-21T21:03:59","slug":"en-forelasning","status":"publish","type":"post","link":"https:\/\/storytellers.se\/?p=1464","title":{"rendered":"En f\u00f6rel\u00e4sning"},"content":{"rendered":"<p>Jag skulle f\u00f6rel\u00e4sa f\u00f6r Sveriges h\u00f6gskoleinformat\u00f6rer p\u00e5 en konferns i \u00d6stersund f\u00f6r n\u00e5gra veckor sen. Men det f\u00f6ll p\u00e5 att flyget st\u00e4lldes in fr\u00e5n Arlanda trots att det var dagen efter att Sas-strejken hade bl\u00e5sts av. <a href=\"http:\/\/www.hsv.se\/omhogskoleverket\/konferenser\/informatorskonferensen\/dokumentation\/corporatestorytellingkanstarkavarumarket.4.5b73fe55111705b51fd80005750.html\">Se och h\u00f6r i bild och ljud h\u00e4r<\/a> ist\u00e4llet om du har r\u00e4tt programvara. Jag satte mig helt enkelt framf\u00f6r kameran i tr\u00e4dg\u00e5rden.<\/p>\n","protected":false},"excerpt":{"rendered":"<p>Jag skulle f\u00f6rel\u00e4sa f\u00f6r Sveriges h\u00f6gskoleinformat\u00f6rer p\u00e5 en konferns i \u00d6stersund f\u00f6r n\u00e5gra veckor sen. Men det f\u00f6ll p\u00e5 att flyget st\u00e4lldes in fr\u00e5n Arlanda trots att det var dagen efter att Sas-strejken hade bl\u00e5sts av. Se och h\u00f6r i bild och ljud h\u00e4r ist\u00e4llet om du har r\u00e4tt programvara. Jag satte mig helt enkelt&#8230;<\/p>\n","protected":false},"author":2,"featured_media":0,"comment_status":"open","ping_status":"closed","sticky":false,"template":"","format":"standard","meta":[],"categories":[3],"tags":[],"_links":{"self":[{"href":"https:\/\/storytellers.se\/index.php?rest_route=\/wp\/v2\/posts\/1464"}],"collection":[{"href":"https:\/\/storytellers.se\/index.php?rest_route=\/wp\/v2\/posts"}],"about":[{"href":"https:\/\/storytellers.se\/index.php?rest_route=\/wp\/v2\/types\/post"}],"author":[{"embeddable":true,"href":"https:\/\/storytellers.se\/index.php?rest_route=\/wp\/v2\/users\/2"}],"replies":[{"embeddable":true,"href":"https:\/\/storytellers.se\/index.php?rest_route=%2Fwp%2Fv2%2Fcomments&post=1464"}],"version-history":[{"count":0,"href":"https:\/\/storytellers.se\/index.php?rest_route=\/wp\/v2\/posts\/1464\/revisions"}],"wp:attachment":[{"href":"https:\/\/storytellers.se\/index.php?rest_route=%2Fwp%2Fv2%2Fmedia&parent=1464"}],"wp:term":[{"taxonomy":"category","embeddable":true,"href":"https:\/\/storytellers.se\/index.php?rest_route=%2Fwp%2Fv2%2Fcategories&post=1464"},{"taxonomy":"post_tag","embeddable":true,"href":"https:\/\/storytellers.se\/index.php?rest_route=%2Fwp%2Fv2%2Ftags&post=1464"}],"curies":[{"name":"wp","href":"https:\/\/api.w.org\/{rel}","templated":true}]}}