{"id":1462,"date":"2007-06-21T18:11:17","date_gmt":"2007-06-21T17:11:17","guid":{"rendered":"http:\/\/heijbel.wordpress.com\/2007\/06\/21\/ska-tala-i-second-life"},"modified":"2007-06-21T18:11:17","modified_gmt":"2007-06-21T17:11:17","slug":"ska-tala-i-second-life","status":"publish","type":"post","link":"https:\/\/storytellers.se\/?p=1462","title":{"rendered":"Ska tala i Second Life"},"content":{"rendered":"<p>Jag ska snart, f\u00f6rmodligen redan i sommar, h\u00e5lla min f\u00f6rsta f\u00f6rel\u00e4sning i <a href=\"http:\/\/www.svd.se\/dynamiskt\/inrikes\/did_15598412.asp\">Second Life, SL<\/a>.   Jag har blivit inbjuden och kommer d\u00e4rf\u00f6r att bege mig till svenskkolonin d\u00e4r jag talar med r\u00f6st och i realtid. Det finns redan en del svenska f\u00f6retag d\u00e4r och en <a href=\"http:\/\/www.dn.se\/DNet\/jsp\/polopoly.jsp?a=609987\">svensk ambassad<\/a> \u00e4r redan \u00f6ppnad av Svenska Institutet.<a href=\"http:\/\/www.dn.se\/DNet\/jsp\/polopoly.jsp?d=1058&amp;a=655816\"> L\u00e4s h\u00e4r om invigningen<\/a> av Svenska Insitutets ambassad i Second Life. PR-v\u00e4rdet och positioneringen av Sverige \u00e4r stort. Enligt Svenska Institutet genererade \u00f6ppnandet av ambassaden n\u00e4mligen 1000 artiklar i media i 40 l\u00e4nder.<\/p>\n","protected":false},"excerpt":{"rendered":"<p>Jag ska snart, f\u00f6rmodligen redan i sommar, h\u00e5lla min f\u00f6rsta f\u00f6rel\u00e4sning i Second Life, SL. Jag har blivit inbjuden och kommer d\u00e4rf\u00f6r att bege mig till svenskkolonin d\u00e4r jag talar med r\u00f6st och i realtid. Det finns redan en del svenska f\u00f6retag d\u00e4r och en svensk ambassad \u00e4r redan \u00f6ppnad av Svenska Institutet. L\u00e4s h\u00e4r&#8230;<\/p>\n","protected":false},"author":2,"featured_media":0,"comment_status":"open","ping_status":"closed","sticky":false,"template":"","format":"standard","meta":[],"categories":[9],"tags":[],"_links":{"self":[{"href":"https:\/\/storytellers.se\/index.php?rest_route=\/wp\/v2\/posts\/1462"}],"collection":[{"href":"https:\/\/storytellers.se\/index.php?rest_route=\/wp\/v2\/posts"}],"about":[{"href":"https:\/\/storytellers.se\/index.php?rest_route=\/wp\/v2\/types\/post"}],"author":[{"embeddable":true,"href":"https:\/\/storytellers.se\/index.php?rest_route=\/wp\/v2\/users\/2"}],"replies":[{"embeddable":true,"href":"https:\/\/storytellers.se\/index.php?rest_route=%2Fwp%2Fv2%2Fcomments&post=1462"}],"version-history":[{"count":0,"href":"https:\/\/storytellers.se\/index.php?rest_route=\/wp\/v2\/posts\/1462\/revisions"}],"wp:attachment":[{"href":"https:\/\/storytellers.se\/index.php?rest_route=%2Fwp%2Fv2%2Fmedia&parent=1462"}],"wp:term":[{"taxonomy":"category","embeddable":true,"href":"https:\/\/storytellers.se\/index.php?rest_route=%2Fwp%2Fv2%2Fcategories&post=1462"},{"taxonomy":"post_tag","embeddable":true,"href":"https:\/\/storytellers.se\/index.php?rest_route=%2Fwp%2Fv2%2Ftags&post=1462"}],"curies":[{"name":"wp","href":"https:\/\/api.w.org\/{rel}","templated":true}]}}